{"id":106815,"date":"2026-01-11T18:02:03","date_gmt":"2026-01-11T21:02:03","guid":{"rendered":"https:\/\/www.cordobatimes.com\/showup\/?p=106815"},"modified":"2026-01-11T18:02:03","modified_gmt":"2026-01-11T21:02:03","slug":"mauricio-macri-y-juliana-awada-se-separaron-tras-mas-de-15-anos-de-matrimonio","status":"publish","type":"post","link":"https:\/\/www.cordobatimes.com\/showup\/famosos\/2026\/01\/11\/mauricio-macri-y-juliana-awada-se-separaron-tras-mas-de-15-anos-de-matrimonio\/","title":{"rendered":"Mauricio Macri y Juliana Awada se separaron tras m\u00e1s de 15 a\u00f1os de matrimonio"},"content":{"rendered":"<h3 data-start=\"219\" data-end=\"500\"><strong>El expresidente Mauricio Macri y la empresaria Juliana Awada decidieron poner fin a su relaci\u00f3n luego de m\u00e1s de 15 a\u00f1os juntos y una hija en com\u00fan. La separaci\u00f3n fue definida de manera consensuada y en buenos t\u00e9rminos, aunque la noticia trascendi\u00f3 p\u00fablicamente en los \u00faltimos d\u00edas.<\/strong><\/h3>\n<p data-start=\"502\" data-end=\"799\">Seg\u00fan se supo, la decisi\u00f3n habr\u00eda sido tomada antes de las fiestas de fin de a\u00f1o. Sin embargo, ambos optaron por mantener la situaci\u00f3n en reserva y priorizar el \u00e1mbito familiar antes de comunicarla. Hasta el momento, ninguno realiz\u00f3 declaraciones p\u00fablicas extensas sobre los motivos de la ruptura.<\/p>\n<p data-start=\"801\" data-end=\"1171\">Macri y Awada se conocieron en 2009, cuando \u00e9l se desempe\u00f1aba como jefe de Gobierno de la Ciudad de Buenos Aires y ella ya era una empresaria consolidada en el mundo de la moda. La relaci\u00f3n avanz\u00f3 r\u00e1pidamente y culmin\u00f3 en matrimonio el 16 de noviembre de 2010, en una ceremonia que reuni\u00f3 a familiares, amigos y figuras destacadas del \u00e1mbito pol\u00edtico, social y cultural.<\/p>\n<p data-start=\"1173\" data-end=\"1399\">En octubre de 2011 naci\u00f3 Antonia, la \u00fanica hija que tuvieron en com\u00fan. Adem\u00e1s, ambos conformaron una familia ensamblada, ya que Macri es padre de tres hijos de una relaci\u00f3n anterior y Awada tiene una hija de un v\u00ednculo previo.<\/p>\n<p data-start=\"1401\" data-end=\"1678\">Durante los \u00faltimos meses hab\u00edan circulado versiones de crisis, aunque la pareja siempre mantuvo un perfil bajo y evit\u00f3 exponerse medi\u00e1ticamente. La separaci\u00f3n se dio sin esc\u00e1ndalos ni conflictos p\u00fablicos, en l\u00ednea con el estilo que ambos sostuvieron a lo largo de su relaci\u00f3n.<\/p>\n<p data-start=\"1680\" data-end=\"1929\">De acuerdo con su entorno, Macri y Awada mantienen una buena relaci\u00f3n y contin\u00faan priorizando el bienestar de su hija. La noticia marca el cierre de una de las parejas m\u00e1s emblem\u00e1ticas de la escena pol\u00edtica y social argentina de las \u00faltimas d\u00e9cadas.<\/p>\n","protected":false},"excerpt":{"rendered":"<p>El expresidente Mauricio Macri y la empresaria Juliana Awada decidieron poner fin a su relaci\u00f3n luego de m\u00e1s de 15 a\u00f1os juntos y una hija en com\u00fan. La separaci\u00f3n fue definida de manera consensuada y en buenos t\u00e9rminos, aunque la noticia trascendi\u00f3 p\u00fablicamente en los \u00faltimos d\u00edas. Seg\u00fan se supo, la decisi\u00f3n habr\u00eda sido tomada [&hellip;]<\/p>\n","protected":false},"author":24,"featured_media":106818,"comment_status":"closed","ping_status":"closed","sticky":false,"template":"","format":"standard","meta":{"_seopress_robots_primary_cat":"none","_seopress_titles_title":"","_seopress_titles_desc":"","_seopress_robots_index":"","footnotes":""},"categories":[12967,4],"tags":[41238,41240,41239],"class_list":{"0":"post-106815","1":"post","2":"type-post","3":"status-publish","4":"format-standard","5":"has-post-thumbnail","7":"category-destacada","8":"category-famosos","9":"tag-mauricio-macri-y-juliana-awada","10":"tag-mauricio-macri-y-juliana-awada-separados","11":"tag-separacion-de-mauricio-macri-y-juliana-awada"},"_links":{"self":[{"href":"https:\/\/www.cordobatimes.com\/showup\/wp-json\/wp\/v2\/posts\/106815","targetHints":{"allow":["GET"]}}],"collection":[{"href":"https:\/\/www.cordobatimes.com\/showup\/wp-json\/wp\/v2\/posts"}],"about":[{"href":"https:\/\/www.cordobatimes.com\/showup\/wp-json\/wp\/v2\/types\/post"}],"author":[{"embeddable":true,"href":"https:\/\/www.cordobatimes.com\/showup\/wp-json\/wp\/v2\/users\/24"}],"replies":[{"embeddable":true,"href":"https:\/\/www.cordobatimes.com\/showup\/wp-json\/wp\/v2\/comments?post=106815"}],"version-history":[{"count":0,"href":"https:\/\/www.cordobatimes.com\/showup\/wp-json\/wp\/v2\/posts\/106815\/revisions"}],"wp:featuredmedia":[{"embeddable":true,"href":"https:\/\/www.cordobatimes.com\/showup\/wp-json\/wp\/v2\/media\/106818"}],"wp:attachment":[{"href":"https:\/\/www.cordobatimes.com\/showup\/wp-json\/wp\/v2\/media?parent=106815"}],"wp:term":[{"taxonomy":"category","embeddable":true,"href":"https:\/\/www.cordobatimes.com\/showup\/wp-json\/wp\/v2\/categories?post=106815"},{"taxonomy":"post_tag","embeddable":true,"href":"https:\/\/www.cordobatimes.com\/showup\/wp-json\/wp\/v2\/tags?post=106815"}],"curies":[{"name":"wp","href":"https:\/\/api.w.org\/{rel}","templated":true}]}}