{"id":106647,"date":"2026-01-05T14:15:10","date_gmt":"2026-01-05T17:15:10","guid":{"rendered":"https:\/\/www.cordobatimes.com\/showup\/?p=106647"},"modified":"2026-01-05T14:15:10","modified_gmt":"2026-01-05T17:15:10","slug":"christian-petersen-continua-internado-y-se-encuentra-clinicamente-estable","status":"publish","type":"post","link":"https:\/\/www.cordobatimes.com\/showup\/famosos\/2026\/01\/05\/christian-petersen-continua-internado-y-se-encuentra-clinicamente-estable\/","title":{"rendered":"Christian Petersen contin\u00faa internado y se encuentra cl\u00ednicamente estable"},"content":{"rendered":"<p>El reconocido chef argentino Christian Petersen permanece internado en el Hospital Alem\u00e1n de Buenos Aires, donde contin\u00faa bajo atenci\u00f3n m\u00e9dica tras haber sufrido una descompensaci\u00f3n durante una excursi\u00f3n al Volc\u00e1n Lan\u00edn, a fines de diciembre.<\/p>\n<p>Seg\u00fan el \u00faltimo parte m\u00e9dico difundido este viernes por la instituci\u00f3n, Petersen se encuentra cl\u00ednicamente estable y bajo el cuidado de un equipo m\u00e9dico multidisciplinario, que contin\u00faa realizando estudios y evaluando su evoluci\u00f3n de acuerdo con los protocolos habituales.<\/p>\n<p>El comunicado oficial, firmado por el director m\u00e9dico del hospital, confirma que el chef contin\u00faa internado y con seguimiento permanente de su cuadro, aunque no se inform\u00f3 una fecha estimada de alta. Desde el Hospital Alem\u00e1n tambi\u00e9n se\u00f1alaron que acompa\u00f1an a la familia en este proceso y que se mantiene la confidencialidad de la informaci\u00f3n m\u00e9dica, tal como lo establecen las normas vigentes.<\/p>\n<p data-start=\"1182\" data-end=\"1565\">Cabe recordar que Christian Petersen hab\u00eda sido <strong data-start=\"1230\" data-end=\"1302\">trasladado desde San Mart\u00edn de los Andes a la Ciudad de Buenos Aires<\/strong> a fines de diciembre, luego de haber sufrido una fuerte descompensaci\u00f3n mientras se encontraba en el sur del pa\u00eds. En un primer momento, el chef debi\u00f3 permanecer <strong data-start=\"1465\" data-end=\"1499\">internado en terapia intensiva<\/strong>, lo que gener\u00f3 preocupaci\u00f3n en su entorno y entre sus seguidores.<\/p>\n<p data-start=\"1567\" data-end=\"1748\">Por el momento, su evoluci\u00f3n contin\u00faa siendo monitoreada de cerca por el equipo m\u00e9dico, a la espera de nuevos partes oficiales que brinden mayores precisiones sobre su recuperaci\u00f3n.<\/p>\n","protected":false},"excerpt":{"rendered":"<p>El reconocido chef argentino Christian Petersen permanece internado en el Hospital Alem\u00e1n de Buenos Aires, donde contin\u00faa bajo atenci\u00f3n m\u00e9dica tras haber sufrido una descompensaci\u00f3n durante una excursi\u00f3n al Volc\u00e1n Lan\u00edn, a fines de diciembre. Seg\u00fan el \u00faltimo parte m\u00e9dico difundido este viernes por la instituci\u00f3n, Petersen se encuentra cl\u00ednicamente estable y bajo el cuidado [&hellip;]<\/p>\n","protected":false},"author":24,"featured_media":106653,"comment_status":"closed","ping_status":"closed","sticky":false,"template":"","format":"standard","meta":{"_seopress_robots_primary_cat":"none","_seopress_titles_title":"","_seopress_titles_desc":"","_seopress_robots_index":"","footnotes":""},"categories":[4],"tags":[40974,41034],"class_list":{"0":"post-106647","1":"post","2":"type-post","3":"status-publish","4":"format-standard","5":"has-post-thumbnail","7":"category-famosos","8":"tag-christian-petersen-volcan-lanin","9":"tag-estado-de-salud-de-christian-petersen"},"_links":{"self":[{"href":"https:\/\/www.cordobatimes.com\/showup\/wp-json\/wp\/v2\/posts\/106647","targetHints":{"allow":["GET"]}}],"collection":[{"href":"https:\/\/www.cordobatimes.com\/showup\/wp-json\/wp\/v2\/posts"}],"about":[{"href":"https:\/\/www.cordobatimes.com\/showup\/wp-json\/wp\/v2\/types\/post"}],"author":[{"embeddable":true,"href":"https:\/\/www.cordobatimes.com\/showup\/wp-json\/wp\/v2\/users\/24"}],"replies":[{"embeddable":true,"href":"https:\/\/www.cordobatimes.com\/showup\/wp-json\/wp\/v2\/comments?post=106647"}],"version-history":[{"count":0,"href":"https:\/\/www.cordobatimes.com\/showup\/wp-json\/wp\/v2\/posts\/106647\/revisions"}],"wp:featuredmedia":[{"embeddable":true,"href":"https:\/\/www.cordobatimes.com\/showup\/wp-json\/wp\/v2\/media\/106653"}],"wp:attachment":[{"href":"https:\/\/www.cordobatimes.com\/showup\/wp-json\/wp\/v2\/media?parent=106647"}],"wp:term":[{"taxonomy":"category","embeddable":true,"href":"https:\/\/www.cordobatimes.com\/showup\/wp-json\/wp\/v2\/categories?post=106647"},{"taxonomy":"post_tag","embeddable":true,"href":"https:\/\/www.cordobatimes.com\/showup\/wp-json\/wp\/v2\/tags?post=106647"}],"curies":[{"name":"wp","href":"https:\/\/api.w.org\/{rel}","templated":true}]}}