{"id":106607,"date":"2026-01-02T11:29:11","date_gmt":"2026-01-02T14:29:11","guid":{"rendered":"https:\/\/www.cordobatimes.com\/showup\/?p=106607"},"modified":"2026-01-02T11:29:11","modified_gmt":"2026-01-02T14:29:11","slug":"salio-el-trailer-oficial-de-wonder-man-la-nueva-serie-de-marvel","status":"publish","type":"post","link":"https:\/\/www.cordobatimes.com\/showup\/cine-y-series\/2026\/01\/02\/salio-el-trailer-oficial-de-wonder-man-la-nueva-serie-de-marvel\/","title":{"rendered":"Sali\u00f3 el tr\u00e1iler oficial de \u201cWonder Man\u201d, la nueva serie de Marvel"},"content":{"rendered":"<h3 data-start=\"192\" data-end=\"398\"><strong>Marvel Studios lanz\u00f3 el tr\u00e1iler oficial de la serie \u201cWonder Man\u201d, una de sus apuestas m\u00e1s esperadas para la pantalla chica. La producci\u00f3n llegar\u00e1 al streaming el 27 de enero a trav\u00e9s de Disney+.<\/strong><\/h3>\n<p data-start=\"400\" data-end=\"740\">La serie estar\u00e1 protagonizada por <strong data-start=\"434\" data-end=\"459\">Yahya Abdul-Mateen II<\/strong>, quien interpreta a <strong data-start=\"480\" data-end=\"498\">Simon Williams<\/strong>, un actor de Hollywood que, de manera inesperada, obtiene superpoderes y se convierte en Wonder Man. El personaje es uno de los cl\u00e1sicos del universo Marvel y su historia mezcla acci\u00f3n, humor y una fuerte mirada sobre la fama y la identidad.<\/p>\n<p data-start=\"742\" data-end=\"1003\">\u201cWonder Man\u201d forma parte del <strong data-start=\"771\" data-end=\"815\">Universo Cinematogr\u00e1fico de Marvel (MCU)<\/strong> y promete un enfoque distinto al de otras series, con una narrativa m\u00e1s centrada en el mundo del espect\u00e1culo y la industria del entretenimiento, sin dejar de lado el costado superheroico.<\/p>\n<p data-start=\"1005\" data-end=\"1282\">El elenco incluye a <strong data-start=\"1025\" data-end=\"1041\">Ben Kingsley<\/strong>, quien retoma su rol de Trevor Slattery, adem\u00e1s de otros personajes que conectar\u00e1n la serie con el resto del universo Marvel. La producci\u00f3n est\u00e1 a cargo de Marvel Studios y se integra a la nueva etapa de contenidos del estudio para Disney+.<\/p>\n<p data-start=\"1284\" data-end=\"1458\">Con el estreno del tr\u00e1iler, creci\u00f3 la expectativa entre los fans, que ya marcan el <strong data-start=\"1367\" data-end=\"1382\">27 de enero<\/strong> como una fecha clave para el estreno de esta nueva historia dentro del MCU.<\/p>\n<div style=\"width: 696px;\" class=\"wp-video\"><video class=\"wp-video-shortcode\" id=\"video-106607-1\" width=\"696\" height=\"392\" preload=\"metadata\" controls=\"controls\"><source type=\"video\/mp4\" src=\"http:\/\/www.cordobatimes.com\/showup\/wp-content\/uploads\/2026\/01\/ssstwitter.com_1767363896162.mp4?_=1\" \/><a href=\"http:\/\/www.cordobatimes.com\/showup\/wp-content\/uploads\/2026\/01\/ssstwitter.com_1767363896162.mp4\">http:\/\/www.cordobatimes.com\/showup\/wp-content\/uploads\/2026\/01\/ssstwitter.com_1767363896162.mp4<\/a><\/video><\/div>\n","protected":false},"excerpt":{"rendered":"<p>Marvel Studios lanz\u00f3 el tr\u00e1iler oficial de la serie \u201cWonder Man\u201d, una de sus apuestas m\u00e1s esperadas para la pantalla chica. La producci\u00f3n llegar\u00e1 al streaming el 27 de enero a trav\u00e9s de Disney+. La serie estar\u00e1 protagonizada por Yahya Abdul-Mateen II, quien interpreta a Simon Williams, un actor de Hollywood que, de manera inesperada, [&hellip;]<\/p>\n","protected":false},"author":24,"featured_media":106610,"comment_status":"closed","ping_status":"closed","sticky":false,"template":"","format":"standard","meta":{"_seopress_robots_primary_cat":"none","_seopress_titles_title":"","_seopress_titles_desc":"","_seopress_robots_index":"","footnotes":""},"categories":[3],"tags":[41165,41166],"class_list":{"0":"post-106607","1":"post","2":"type-post","3":"status-publish","4":"format-standard","5":"has-post-thumbnail","7":"category-cine-y-series","8":"tag-trailer-oficial-de-wonder-man","9":"tag-wonder-man"},"_links":{"self":[{"href":"https:\/\/www.cordobatimes.com\/showup\/wp-json\/wp\/v2\/posts\/106607","targetHints":{"allow":["GET"]}}],"collection":[{"href":"https:\/\/www.cordobatimes.com\/showup\/wp-json\/wp\/v2\/posts"}],"about":[{"href":"https:\/\/www.cordobatimes.com\/showup\/wp-json\/wp\/v2\/types\/post"}],"author":[{"embeddable":true,"href":"https:\/\/www.cordobatimes.com\/showup\/wp-json\/wp\/v2\/users\/24"}],"replies":[{"embeddable":true,"href":"https:\/\/www.cordobatimes.com\/showup\/wp-json\/wp\/v2\/comments?post=106607"}],"version-history":[{"count":0,"href":"https:\/\/www.cordobatimes.com\/showup\/wp-json\/wp\/v2\/posts\/106607\/revisions"}],"wp:featuredmedia":[{"embeddable":true,"href":"https:\/\/www.cordobatimes.com\/showup\/wp-json\/wp\/v2\/media\/106610"}],"wp:attachment":[{"href":"https:\/\/www.cordobatimes.com\/showup\/wp-json\/wp\/v2\/media?parent=106607"}],"wp:term":[{"taxonomy":"category","embeddable":true,"href":"https:\/\/www.cordobatimes.com\/showup\/wp-json\/wp\/v2\/categories?post=106607"},{"taxonomy":"post_tag","embeddable":true,"href":"https:\/\/www.cordobatimes.com\/showup\/wp-json\/wp\/v2\/tags?post=106607"}],"curies":[{"name":"wp","href":"https:\/\/api.w.org\/{rel}","templated":true}]}}