{"id":106512,"date":"2025-12-30T09:45:36","date_gmt":"2025-12-30T12:45:36","guid":{"rendered":"https:\/\/www.cordobatimes.com\/showup\/?p=106512"},"modified":"2025-12-30T09:46:00","modified_gmt":"2025-12-30T12:46:00","slug":"a-21-anos-de-la-tragedia-de-cromanon-memoria-justicia-y-un-dolor-que-sigue-presente","status":"publish","type":"post","link":"https:\/\/www.cordobatimes.com\/showup\/destacada\/2025\/12\/30\/a-21-anos-de-la-tragedia-de-cromanon-memoria-justicia-y-un-dolor-que-sigue-presente\/","title":{"rendered":"A 21 a\u00f1os de la tragedia de Croma\u00f1\u00f3n: memoria, justicia y un dolor que sigue presente"},"content":{"rendered":"<h3 data-start=\"187\" data-end=\"683\"><strong>Este 30 de diciembre se cumplen 21 a\u00f1os de la tragedia de Rep\u00fablica Croma\u00f1\u00f3n, uno de los hechos m\u00e1s dolorosos y devastadores de la historia reciente de la Argentina. La noche del 30 de diciembre de 2004, durante un recital de la banda Callejeros en el boliche ubicado en el barrio porte\u00f1o de Once, un incendio provocado por una bengala encendida dentro del local termin\u00f3 con la vida de 194 personas y dej\u00f3 m\u00e1s de 1.400 heridos, adem\u00e1s de miles de sobrevivientes marcados para siempre.<\/strong><\/h3>\n<p data-start=\"685\" data-end=\"1093\">El fuego se desat\u00f3 cuando una bengala impact\u00f3 contra el techo del lugar, recubierto con materiales altamente inflamables. En cuesti\u00f3n de segundos, el humo t\u00f3xico comenz\u00f3 a invadir el recinto. Muchas salidas de emergencia estaban cerradas o bloqueadas, lo que convirti\u00f3 el lugar en una verdadera trampa mortal. La mayor\u00eda de las v\u00edctimas falleci\u00f3 por <strong data-start=\"1035\" data-end=\"1046\">asfixia<\/strong>, producto de la inhalaci\u00f3n de gases venenosos.<\/p>\n<p data-start=\"1095\" data-end=\"1417\">La tragedia expuso una cadena de <strong data-start=\"1128\" data-end=\"1193\">irregularidades, negligencias y responsabilidades compartidas<\/strong>: desde las condiciones edilicias del local y la falta de controles adecuados, hasta la permisividad estatal y la ausencia de medidas b\u00e1sicas de seguridad. Croma\u00f1\u00f3n no fue un accidente inevitable, sino una tragedia evitable.<\/p>\n<p data-start=\"1419\" data-end=\"1768\">Con el paso de los a\u00f1os, hubo causas judiciales, condenas y debates p\u00fablicos. Omar Chab\u00e1n, gerenciador del boliche, fue condenado y falleci\u00f3 en 2014. Tambi\u00e9n se investig\u00f3 la responsabilidad de funcionarios y otros actores involucrados. Sin embargo, para muchos familiares y sobrevivientes, la sensaci\u00f3n de <strong data-start=\"1725\" data-end=\"1748\">justicia incompleta<\/strong> persiste hasta hoy.<\/p>\n<p data-start=\"1770\" data-end=\"2105\">A 21 a\u00f1os, Croma\u00f1\u00f3n sigue siendo una herida abierta. Las consecuencias no solo se miden en n\u00fameros, sino en historias truncas, proyectos que no pudieron ser y familias atravesadas por el dolor. Tambi\u00e9n dej\u00f3 una marca profunda en la cultura del rock nacional y en la forma de pensar la seguridad en espect\u00e1culos masivos en todo el pa\u00eds.<\/p>\n<p data-start=\"2107\" data-end=\"2456\">Cada 30 de diciembre, familiares, sobrevivientes y organizaciones se re\u00fanen para <strong data-start=\"2188\" data-end=\"2268\">recordar a las v\u00edctimas, exigir memoria y reafirmar el pedido de \u201cNunca m\u00e1s\u201d<\/strong>. Croma\u00f1\u00f3n no es solo un recuerdo del pasado: es una advertencia permanente sobre lo que ocurre cuando la corrupci\u00f3n, la desidia y la falta de control se combinan con la irresponsabilidad.<\/p>\n<p data-start=\"2458\" data-end=\"2546\">Hoy, a 21 a\u00f1os, la memoria sigue viva. Porque recordar tambi\u00e9n es una forma de justicia.<\/p>\n","protected":false},"excerpt":{"rendered":"<p>Este 30 de diciembre se cumplen 21 a\u00f1os de la tragedia de Rep\u00fablica Croma\u00f1\u00f3n, uno de los hechos m\u00e1s dolorosos y devastadores de la historia reciente de la Argentina. La noche del 30 de diciembre de 2004, durante un recital de la banda Callejeros en el boliche ubicado en el barrio porte\u00f1o de Once, un [&hellip;]<\/p>\n","protected":false},"author":24,"featured_media":106515,"comment_status":"closed","ping_status":"closed","sticky":false,"template":"","format":"standard","meta":{"_seopress_robots_primary_cat":"none","_seopress_titles_title":"","_seopress_titles_desc":"","_seopress_robots_index":"","footnotes":""},"categories":[12967,23399],"tags":[41136,41137,2291],"class_list":{"0":"post-106512","1":"post","2":"type-post","3":"status-publish","4":"format-standard","5":"has-post-thumbnail","7":"category-destacada","8":"category-sociedad","9":"tag-21-anos-de-la-tragedia-de-cromanon","10":"tag-cromanon","11":"tag-tragedia-de-cromanon"},"_links":{"self":[{"href":"https:\/\/www.cordobatimes.com\/showup\/wp-json\/wp\/v2\/posts\/106512","targetHints":{"allow":["GET"]}}],"collection":[{"href":"https:\/\/www.cordobatimes.com\/showup\/wp-json\/wp\/v2\/posts"}],"about":[{"href":"https:\/\/www.cordobatimes.com\/showup\/wp-json\/wp\/v2\/types\/post"}],"author":[{"embeddable":true,"href":"https:\/\/www.cordobatimes.com\/showup\/wp-json\/wp\/v2\/users\/24"}],"replies":[{"embeddable":true,"href":"https:\/\/www.cordobatimes.com\/showup\/wp-json\/wp\/v2\/comments?post=106512"}],"version-history":[{"count":0,"href":"https:\/\/www.cordobatimes.com\/showup\/wp-json\/wp\/v2\/posts\/106512\/revisions"}],"wp:featuredmedia":[{"embeddable":true,"href":"https:\/\/www.cordobatimes.com\/showup\/wp-json\/wp\/v2\/media\/106515"}],"wp:attachment":[{"href":"https:\/\/www.cordobatimes.com\/showup\/wp-json\/wp\/v2\/media?parent=106512"}],"wp:term":[{"taxonomy":"category","embeddable":true,"href":"https:\/\/www.cordobatimes.com\/showup\/wp-json\/wp\/v2\/categories?post=106512"},{"taxonomy":"post_tag","embeddable":true,"href":"https:\/\/www.cordobatimes.com\/showup\/wp-json\/wp\/v2\/tags?post=106512"}],"curies":[{"name":"wp","href":"https:\/\/api.w.org\/{rel}","templated":true}]}}