{"id":106506,"date":"2025-12-30T09:18:47","date_gmt":"2025-12-30T12:18:47","guid":{"rendered":"https:\/\/www.cordobatimes.com\/showup\/?p=106506"},"modified":"2025-12-30T09:18:47","modified_gmt":"2025-12-30T12:18:47","slug":"se-lanzo-el-adelanto-de-memoria-de-un-asesino-la-nueva-apuesta-de-suspenso-protagonizada-por-patrick-dempsey","status":"publish","type":"post","link":"https:\/\/www.cordobatimes.com\/showup\/cine-y-series\/2025\/12\/30\/se-lanzo-el-adelanto-de-memoria-de-un-asesino-la-nueva-apuesta-de-suspenso-protagonizada-por-patrick-dempsey\/","title":{"rendered":"Se lanz\u00f3 el adelanto de \u201cMemoria de un asesino\u201d, la nueva apuesta de suspenso protagonizada por Patrick Dempsey"},"content":{"rendered":"<h3 data-start=\"276\" data-end=\"594\"><strong>Ya se conoci\u00f3 el primer adelanto de <em data-start=\"312\" data-end=\"335\">Memoria de un asesino<\/em>, la nueva producci\u00f3n de suspenso psicol\u00f3gico protagonizada por Patrick Dempsey, que marca uno de los roles m\u00e1s oscuros y complejos de su carrera. La serie se estrenar\u00e1 el 25 de enero y promete una historia intensa, cargada de tensi\u00f3n y giros inesperados.<\/strong><\/h3>\n<p data-start=\"596\" data-end=\"975\">La trama gira en torno a un asesino profesional que comienza a sufrir una progresiva p\u00e9rdida de memoria, una condici\u00f3n que pone en jaque no solo su vida, sino tambi\u00e9n su capacidad para distinguir entre el pasado y el presente. A medida que sus recuerdos se desvanecen, el protagonista se ve obligado a reconstruir su propia identidad mientras intenta completar una \u00faltima misi\u00f3n.<\/p>\n<p data-start=\"977\" data-end=\"1317\">El adelanto deja entrever una atm\u00f3sfera sombr\u00eda y opresiva, con escenas marcadas por la paranoia, la violencia contenida y el deterioro mental del personaje principal. Patrick Dempsey se aleja de los papeles que lo convirtieron en un referente del drama rom\u00e1ntico para sumergirse en un personaje perturbado, vulnerable y peligroso a la vez.<\/p>\n<p data-start=\"1319\" data-end=\"1635\">Uno de los ejes centrales de <em data-start=\"1348\" data-end=\"1371\">Memoria de un asesino<\/em> es el conflicto interno del protagonista, quien debe enfrentarse a las consecuencias de sus propios actos mientras lucha contra el olvido. La serie plantea interrogantes sobre la culpa, la identidad y la memoria, elementos que se convierten en motores del relato.<\/p>\n<p data-start=\"1637\" data-end=\"1954\">Con una narrativa que combina acci\u00f3n, thriller y drama psicol\u00f3gico, la producci\u00f3n apunta a captar al p\u00fablico que busca historias intensas y personajes complejos. El adelanto ya despert\u00f3 expectativas entre los seguidores del g\u00e9nero y los fans de Dempsey, que destacan su transformaci\u00f3n para este nuevo desaf\u00edo actoral.<\/p>\n<p data-start=\"1956\" data-end=\"2161\"><em data-start=\"1956\" data-end=\"1979\">Memoria de un asesino<\/em> se suma as\u00ed a la lista de estrenos fuertes de comienzos de a\u00f1o y llegar\u00e1 a la pantalla el <strong data-start=\"2070\" data-end=\"2085\">25 de enero<\/strong>, con la promesa de mantener al espectador en vilo desde el primer episodio.<\/p>\n<div style=\"width: 696px;\" class=\"wp-video\"><video class=\"wp-video-shortcode\" id=\"video-106506-1\" width=\"696\" height=\"392\" preload=\"metadata\" controls=\"controls\"><source type=\"video\/mp4\" src=\"http:\/\/www.cordobatimes.com\/showup\/wp-content\/uploads\/2025\/12\/ssstwitter.com_1767095225437.mp4?_=1\" \/><a href=\"http:\/\/www.cordobatimes.com\/showup\/wp-content\/uploads\/2025\/12\/ssstwitter.com_1767095225437.mp4\">http:\/\/www.cordobatimes.com\/showup\/wp-content\/uploads\/2025\/12\/ssstwitter.com_1767095225437.mp4<\/a><\/video><\/div>\n","protected":false},"excerpt":{"rendered":"<p>Ya se conoci\u00f3 el primer adelanto de Memoria de un asesino, la nueva producci\u00f3n de suspenso psicol\u00f3gico protagonizada por Patrick Dempsey, que marca uno de los roles m\u00e1s oscuros y complejos de su carrera. La serie se estrenar\u00e1 el 25 de enero y promete una historia intensa, cargada de tensi\u00f3n y giros inesperados. La trama [&hellip;]<\/p>\n","protected":false},"author":24,"featured_media":106509,"comment_status":"closed","ping_status":"closed","sticky":false,"template":"","format":"standard","meta":{"_seopress_robots_primary_cat":"none","_seopress_titles_title":"","_seopress_titles_desc":"","_seopress_robots_index":"","footnotes":""},"categories":[3],"tags":[41133,41134,41135],"class_list":{"0":"post-106506","1":"post","2":"type-post","3":"status-publish","4":"format-standard","5":"has-post-thumbnail","7":"category-cine-y-series","8":"tag-adelanto-de-memoria-de-un-asesino","9":"tag-memoria-de-un-asesino","10":"tag-memoria-de-un-asesinopatrick-dempsey"},"_links":{"self":[{"href":"https:\/\/www.cordobatimes.com\/showup\/wp-json\/wp\/v2\/posts\/106506","targetHints":{"allow":["GET"]}}],"collection":[{"href":"https:\/\/www.cordobatimes.com\/showup\/wp-json\/wp\/v2\/posts"}],"about":[{"href":"https:\/\/www.cordobatimes.com\/showup\/wp-json\/wp\/v2\/types\/post"}],"author":[{"embeddable":true,"href":"https:\/\/www.cordobatimes.com\/showup\/wp-json\/wp\/v2\/users\/24"}],"replies":[{"embeddable":true,"href":"https:\/\/www.cordobatimes.com\/showup\/wp-json\/wp\/v2\/comments?post=106506"}],"version-history":[{"count":0,"href":"https:\/\/www.cordobatimes.com\/showup\/wp-json\/wp\/v2\/posts\/106506\/revisions"}],"wp:featuredmedia":[{"embeddable":true,"href":"https:\/\/www.cordobatimes.com\/showup\/wp-json\/wp\/v2\/media\/106509"}],"wp:attachment":[{"href":"https:\/\/www.cordobatimes.com\/showup\/wp-json\/wp\/v2\/media?parent=106506"}],"wp:term":[{"taxonomy":"category","embeddable":true,"href":"https:\/\/www.cordobatimes.com\/showup\/wp-json\/wp\/v2\/categories?post=106506"},{"taxonomy":"post_tag","embeddable":true,"href":"https:\/\/www.cordobatimes.com\/showup\/wp-json\/wp\/v2\/tags?post=106506"}],"curies":[{"name":"wp","href":"https:\/\/api.w.org\/{rel}","templated":true}]}}