{"id":106459,"date":"2025-12-29T17:57:02","date_gmt":"2025-12-29T20:57:02","guid":{"rendered":"https:\/\/www.cordobatimes.com\/showup\/?p=106459"},"modified":"2025-12-29T17:57:02","modified_gmt":"2025-12-29T20:57:02","slug":"el-regreso-de-malcolm-in-the-middle-mira-el-primer-trailer","status":"publish","type":"post","link":"https:\/\/www.cordobatimes.com\/showup\/cine-y-series\/2025\/12\/29\/el-regreso-de-malcolm-in-the-middle-mira-el-primer-trailer\/","title":{"rendered":"El regreso de Malcolm in the Middle: mir\u00e1 el primer tr\u00e1iler"},"content":{"rendered":"<h3 data-start=\"145\" data-end=\"458\"><strong>Despu\u00e9s de casi dos d\u00e9cadas, <em data-start=\"174\" data-end=\"197\">Malcolm in the Middle<\/em> vuelve a la pantalla con una nueva serie que promete recuperar el esp\u00edritu ca\u00f3tico y \u00e1cido que la convirti\u00f3 en un cl\u00e1sico. Hulu lanz\u00f3 el primer tr\u00e1iler oficial de <em data-start=\"365\" data-end=\"409\">Malcolm in the Middle: Life\u2019s Still Unfair<\/em>, confirmando su estreno para el 10 de abril.<\/strong><\/h3>\n<p data-start=\"460\" data-end=\"861\">La historia muestra a <strong data-start=\"482\" data-end=\"493\">Malcolm<\/strong>, ahora adulto, intentando llevar una vida estable y alejada de los conflictos familiares. Sin embargo, como deja en claro el adelanto, la calma no dura demasiado. Sus padres, <strong data-start=\"669\" data-end=\"683\">Hal y Lois<\/strong>, lo obligan a reencontrarse con su familia para celebrar <strong data-start=\"741\" data-end=\"768\">su aniversario de bodas<\/strong>, desencadenando una nueva serie de situaciones desbordadas, discusiones y momentos absurdos.<\/p>\n<p data-start=\"863\" data-end=\"1196\">Uno de los grandes atractivos del regreso es la vuelta de gran parte del elenco original. <strong data-start=\"953\" data-end=\"970\">Frankie Muniz<\/strong> retoma su papel como Malcolm, acompa\u00f1ado nuevamente por <strong data-start=\"1027\" data-end=\"1045\">Bryan Cranston<\/strong> como Hal y <strong data-start=\"1057\" data-end=\"1075\">Jane Kaczmarek<\/strong> como Lois. Tambi\u00e9n regresan <strong data-start=\"1104\" data-end=\"1123\">Justin Berfield<\/strong> (Reese), <strong data-start=\"1133\" data-end=\"1158\">Christopher Masterson<\/strong> (Francis) y <strong data-start=\"1171\" data-end=\"1187\">Emy Coligado<\/strong> (Piama).<\/p>\n<p data-start=\"1198\" data-end=\"1438\">El \u00fanico cambio importante dentro de la familia es el de <strong data-start=\"1255\" data-end=\"1264\">Dewey<\/strong>, ya que el actor original, <strong data-start=\"1292\" data-end=\"1313\">Erik Per Sullivan<\/strong>, se encuentra retirado de la actuaci\u00f3n. En esta nueva versi\u00f3n, el personaje ser\u00e1 interpretado por <strong data-start=\"1412\" data-end=\"1437\">Caleb Ellsworth-Clark<\/strong>.<\/p>\n<p data-start=\"1440\" data-end=\"1722\">Adem\u00e1s, la serie incorpora <strong data-start=\"1467\" data-end=\"1488\">nuevos personajes<\/strong> que ampl\u00edan el universo familiar. Malcolm es ahora padre de una hija llamada <strong data-start=\"1566\" data-end=\"1574\">Leah<\/strong>, y tambi\u00e9n se presentan su pareja y un nuevo hermano menor, sumando conflictos generacionales y situaciones actuales al humor cl\u00e1sico de la sitcom.<\/p>\n<p data-start=\"1724\" data-end=\"1971\">La nueva entrega ser\u00e1 una <strong data-start=\"1750\" data-end=\"1783\">miniserie de cuatro episodios<\/strong>, pensada como un evento especial. El tr\u00e1iler deja en claro que el tono se mantiene fiel a la serie original: sarcasmo, caos familiar y una mirada ir\u00f3nica sobre la adultez y la paternidad.<\/p>\n<p data-start=\"1973\" data-end=\"2130\"><em data-start=\"1973\" data-end=\"2017\">Malcolm in the Middle: Life\u2019s Still Unfair<\/em> se estrenar\u00e1 el <strong data-start=\"2034\" data-end=\"2057\">10 de abril en Hulu<\/strong>, marcando uno de los regresos m\u00e1s esperados de la televisi\u00f3n de comedia.<\/p>\n<div style=\"width: 640px;\" class=\"wp-video\"><video class=\"wp-video-shortcode\" id=\"video-106459-1\" width=\"640\" height=\"360\" preload=\"metadata\" controls=\"controls\"><source type=\"video\/mp4\" src=\"http:\/\/www.cordobatimes.com\/showup\/wp-content\/uploads\/2025\/12\/ssstwitter.com_1767041358067.mp4?_=1\" \/><a href=\"http:\/\/www.cordobatimes.com\/showup\/wp-content\/uploads\/2025\/12\/ssstwitter.com_1767041358067.mp4\">http:\/\/www.cordobatimes.com\/showup\/wp-content\/uploads\/2025\/12\/ssstwitter.com_1767041358067.mp4<\/a><\/video><\/div>\n","protected":false},"excerpt":{"rendered":"<p>Despu\u00e9s de casi dos d\u00e9cadas, Malcolm in the Middle vuelve a la pantalla con una nueva serie que promete recuperar el esp\u00edritu ca\u00f3tico y \u00e1cido que la convirti\u00f3 en un cl\u00e1sico. Hulu lanz\u00f3 el primer tr\u00e1iler oficial de Malcolm in the Middle: Life\u2019s Still Unfair, confirmando su estreno para el 10 de abril. La historia [&hellip;]<\/p>\n","protected":false},"author":24,"featured_media":106462,"comment_status":"closed","ping_status":"closed","sticky":false,"template":"","format":"standard","meta":{"_seopress_robots_primary_cat":"none","_seopress_titles_title":"","_seopress_titles_desc":"","_seopress_robots_index":"","footnotes":""},"categories":[3],"tags":[621,41121,41120],"class_list":{"0":"post-106459","1":"post","2":"type-post","3":"status-publish","4":"format-standard","5":"has-post-thumbnail","7":"category-cine-y-series","8":"tag-malcolm-in-the-middle","9":"tag-mira-el-trailer-de-malcolm-in-the-middle","10":"tag-regreso-de-malcolm-in-the-middle"},"_links":{"self":[{"href":"https:\/\/www.cordobatimes.com\/showup\/wp-json\/wp\/v2\/posts\/106459","targetHints":{"allow":["GET"]}}],"collection":[{"href":"https:\/\/www.cordobatimes.com\/showup\/wp-json\/wp\/v2\/posts"}],"about":[{"href":"https:\/\/www.cordobatimes.com\/showup\/wp-json\/wp\/v2\/types\/post"}],"author":[{"embeddable":true,"href":"https:\/\/www.cordobatimes.com\/showup\/wp-json\/wp\/v2\/users\/24"}],"replies":[{"embeddable":true,"href":"https:\/\/www.cordobatimes.com\/showup\/wp-json\/wp\/v2\/comments?post=106459"}],"version-history":[{"count":0,"href":"https:\/\/www.cordobatimes.com\/showup\/wp-json\/wp\/v2\/posts\/106459\/revisions"}],"wp:featuredmedia":[{"embeddable":true,"href":"https:\/\/www.cordobatimes.com\/showup\/wp-json\/wp\/v2\/media\/106462"}],"wp:attachment":[{"href":"https:\/\/www.cordobatimes.com\/showup\/wp-json\/wp\/v2\/media?parent=106459"}],"wp:term":[{"taxonomy":"category","embeddable":true,"href":"https:\/\/www.cordobatimes.com\/showup\/wp-json\/wp\/v2\/categories?post=106459"},{"taxonomy":"post_tag","embeddable":true,"href":"https:\/\/www.cordobatimes.com\/showup\/wp-json\/wp\/v2\/tags?post=106459"}],"curies":[{"name":"wp","href":"https:\/\/api.w.org\/{rel}","templated":true}]}}