{"id":106445,"date":"2025-12-29T12:41:59","date_gmt":"2025-12-29T15:41:59","guid":{"rendered":"https:\/\/www.cordobatimes.com\/showup\/?p=106445"},"modified":"2025-12-29T12:41:59","modified_gmt":"2025-12-29T15:41:59","slug":"j-balvin-y-valentina-ferrer-unieron-descanso-y-solidaridad-con-una-emotiva-visita-en-villa-carlos-paz","status":"publish","type":"post","link":"https:\/\/www.cordobatimes.com\/showup\/famosos\/2025\/12\/29\/j-balvin-y-valentina-ferrer-unieron-descanso-y-solidaridad-con-una-emotiva-visita-en-villa-carlos-paz\/","title":{"rendered":"J Balvin y Valentina Ferrer unieron descanso y solidaridad con una emotiva visita en Villa Carlos Paz"},"content":{"rendered":"<h3 data-start=\"258\" data-end=\"516\"><strong>El artista internacional J Balvin y su pareja, la modelo argentina Valentina Ferrer, se encuentran pasando unos d\u00edas en Villa Carlos Paz, donde combinaron descanso, turismo y compromiso social a trav\u00e9s de un gesto solidario que conmovi\u00f3 a la comunidad local.<\/strong><\/h3>\n<p data-start=\"518\" data-end=\"901\">La pareja lleg\u00f3 a la ciudad serrana el s\u00e1bado por la tarde y, adem\u00e1s de disfrutar del paisaje, la gastronom\u00eda y el clima veraniego de la regi\u00f3n, realiz\u00f3 una visita especial al comedor comunitario de Villa San Nicol\u00e1s. All\u00ed compartieron una merienda con los ni\u00f1os, entregaron juguetes y golosinas y generaron un momento de alegr\u00eda para las familias que asisten habitualmente al lugar.<\/p>\n<p data-start=\"903\" data-end=\"1317\">La acci\u00f3n solidaria tambi\u00e9n incluy\u00f3 un aporte para el Club Lechero de Villa Carlos Paz, reforzando el trabajo social que se desarrolla diariamente en el barrio. La titular del comedor, Silvina Calosso, record\u00f3 que la visita se dio de manera completamente natural: \u201cAl principio ni siquiera nos dimos cuenta de qui\u00e9nes eran, hasta que empezaron a llegar las fotos y los mensajes despu\u00e9s de la publicaci\u00f3n en redes\u201d.<\/p>\n<p data-start=\"1319\" data-end=\"1675\">Seg\u00fan relataron desde la instituci\u00f3n, Valentina Ferrer fue la primera en llegar y conversar con los chicos y el equipo del comedor, y minutos m\u00e1s tarde se sum\u00f3 J Balvin, quien particip\u00f3 activamente de la merienda y la entrega de regalos. Durante la tarde, las familias presentes aprovecharon para sacarse fotos y compartir un momento cercano con la pareja.<\/p>\n<p data-start=\"1677\" data-end=\"1938\">Tras el encuentro, el artista colombiano comparti\u00f3 las im\u00e1genes en su cuenta de Instagram y acompa\u00f1\u00f3 el posteo con un mensaje cargado de afecto hacia la ciudad y su gente:<br data-start=\"1848\" data-end=\"1851\" \/><strong data-start=\"1851\" data-end=\"1938\">\u201cEl tiempo pasa r\u00e1pido en Carlos Paz, Argentina. \u00a1Los amo, gracias por tanto amor!\u201d<\/strong><\/p>\n<p data-start=\"1940\" data-end=\"2240\">Antes de retirarse, Ferrer propuso continuar con este tipo de iniciativas solidarias de cara a 2026 y avanzar en la organizaci\u00f3n de un encuentro virtual con la fundaci\u00f3n que impulsa junto a J Balvin desde Colombia, con el objetivo de fortalecer y acompa\u00f1ar el trabajo social del comedor en el futuro.<\/p>\n<p data-start=\"2242\" data-end=\"2413\">Un gesto sencillo pero significativo, que dej\u00f3 una huella positiva en la comunidad de Villa Carlos Paz y reflej\u00f3 una vez m\u00e1s el costado humano y comprometido de la pareja.<\/p>\n<p data-start=\"2242\" data-end=\"2413\"><img alt=\"\" loading=\"lazy\" decoding=\"async\" class=\"alignnone wp-image-106449 size-full\" src=\"http:\/\/www.cordobatimes.com\/showup\/wp-content\/uploads\/2025\/12\/jbalvin_606904506_18576141178050863_5967406702350361436_n.jpg\" alt=\"\" width=\"640\" height=\"853\" srcset=\"https:\/\/www.cordobatimes.com\/showup\/wp-content\/uploads\/2025\/12\/jbalvin_606904506_18576141178050863_5967406702350361436_n.jpg 640w, https:\/\/www.cordobatimes.com\/showup\/wp-content\/uploads\/2025\/12\/jbalvin_606904506_18576141178050863_5967406702350361436_n-315x420.jpg 315w, https:\/\/www.cordobatimes.com\/showup\/wp-content\/uploads\/2025\/12\/jbalvin_606904506_18576141178050863_5967406702350361436_n-150x200.jpg 150w, https:\/\/www.cordobatimes.com\/showup\/wp-content\/uploads\/2025\/12\/jbalvin_606904506_18576141178050863_5967406702350361436_n-300x400.jpg 300w\" sizes=\"auto, (max-width: 640px) 100vw, 640px\" \/> <img alt=\"\" loading=\"lazy\" decoding=\"async\" class=\"alignnone wp-image-106450 size-full\" src=\"http:\/\/www.cordobatimes.com\/showup\/wp-content\/uploads\/2025\/12\/jbalvin_607300896_18576141169050863_6749135928151239074_n-1.jpg\" alt=\"\" width=\"640\" height=\"853\" srcset=\"https:\/\/www.cordobatimes.com\/showup\/wp-content\/uploads\/2025\/12\/jbalvin_607300896_18576141169050863_6749135928151239074_n-1.jpg 640w, https:\/\/www.cordobatimes.com\/showup\/wp-content\/uploads\/2025\/12\/jbalvin_607300896_18576141169050863_6749135928151239074_n-1-315x420.jpg 315w, https:\/\/www.cordobatimes.com\/showup\/wp-content\/uploads\/2025\/12\/jbalvin_607300896_18576141169050863_6749135928151239074_n-1-150x200.jpg 150w, https:\/\/www.cordobatimes.com\/showup\/wp-content\/uploads\/2025\/12\/jbalvin_607300896_18576141169050863_6749135928151239074_n-1-300x400.jpg 300w\" sizes=\"auto, (max-width: 640px) 100vw, 640px\" \/> <img alt=\"\" loading=\"lazy\" decoding=\"async\" class=\"alignnone wp-image-106451 size-full\" src=\"http:\/\/www.cordobatimes.com\/showup\/wp-content\/uploads\/2025\/12\/jbalvin_606972063_18576141160050863_1659823478294219656_n.jpg\" alt=\"\" width=\"640\" height=\"853\" srcset=\"https:\/\/www.cordobatimes.com\/showup\/wp-content\/uploads\/2025\/12\/jbalvin_606972063_18576141160050863_1659823478294219656_n.jpg 640w, https:\/\/www.cordobatimes.com\/showup\/wp-content\/uploads\/2025\/12\/jbalvin_606972063_18576141160050863_1659823478294219656_n-315x420.jpg 315w, https:\/\/www.cordobatimes.com\/showup\/wp-content\/uploads\/2025\/12\/jbalvin_606972063_18576141160050863_1659823478294219656_n-150x200.jpg 150w, https:\/\/www.cordobatimes.com\/showup\/wp-content\/uploads\/2025\/12\/jbalvin_606972063_18576141160050863_1659823478294219656_n-300x400.jpg 300w\" sizes=\"auto, (max-width: 640px) 100vw, 640px\" \/> <img alt=\"\" loading=\"lazy\" decoding=\"async\" class=\"alignnone wp-image-106452 size-full\" src=\"http:\/\/www.cordobatimes.com\/showup\/wp-content\/uploads\/2025\/12\/jbalvin_607501028_18576141142050863_2516379664132096698_n.jpg\" alt=\"\" width=\"640\" height=\"853\" srcset=\"https:\/\/www.cordobatimes.com\/showup\/wp-content\/uploads\/2025\/12\/jbalvin_607501028_18576141142050863_2516379664132096698_n.jpg 640w, https:\/\/www.cordobatimes.com\/showup\/wp-content\/uploads\/2025\/12\/jbalvin_607501028_18576141142050863_2516379664132096698_n-315x420.jpg 315w, https:\/\/www.cordobatimes.com\/showup\/wp-content\/uploads\/2025\/12\/jbalvin_607501028_18576141142050863_2516379664132096698_n-150x200.jpg 150w, https:\/\/www.cordobatimes.com\/showup\/wp-content\/uploads\/2025\/12\/jbalvin_607501028_18576141142050863_2516379664132096698_n-300x400.jpg 300w\" sizes=\"auto, (max-width: 640px) 100vw, 640px\" \/> <img alt=\"\" loading=\"lazy\" decoding=\"async\" class=\"alignnone wp-image-106453 size-full\" src=\"http:\/\/www.cordobatimes.com\/showup\/wp-content\/uploads\/2025\/12\/jbalvin_606611840_18576141130050863_4147683270808178512_n.jpg\" alt=\"\" width=\"640\" height=\"853\" srcset=\"https:\/\/www.cordobatimes.com\/showup\/wp-content\/uploads\/2025\/12\/jbalvin_606611840_18576141130050863_4147683270808178512_n.jpg 640w, https:\/\/www.cordobatimes.com\/showup\/wp-content\/uploads\/2025\/12\/jbalvin_606611840_18576141130050863_4147683270808178512_n-315x420.jpg 315w, https:\/\/www.cordobatimes.com\/showup\/wp-content\/uploads\/2025\/12\/jbalvin_606611840_18576141130050863_4147683270808178512_n-150x200.jpg 150w, https:\/\/www.cordobatimes.com\/showup\/wp-content\/uploads\/2025\/12\/jbalvin_606611840_18576141130050863_4147683270808178512_n-300x400.jpg 300w\" sizes=\"auto, (max-width: 640px) 100vw, 640px\" \/><\/p>\n","protected":false},"excerpt":{"rendered":"<p>El artista internacional J Balvin y su pareja, la modelo argentina Valentina Ferrer, se encuentran pasando unos d\u00edas en Villa Carlos Paz, donde combinaron descanso, turismo y compromiso social a trav\u00e9s de un gesto solidario que conmovi\u00f3 a la comunidad local. La pareja lleg\u00f3 a la ciudad serrana el s\u00e1bado por la tarde y, adem\u00e1s [&hellip;]<\/p>\n","protected":false},"author":24,"featured_media":106448,"comment_status":"closed","ping_status":"closed","sticky":false,"template":"","format":"standard","meta":{"_seopress_robots_primary_cat":"none","_seopress_titles_title":"","_seopress_titles_desc":"","_seopress_robots_index":"","footnotes":""},"categories":[12967,4],"tags":[41118,32896,41117,41119],"class_list":{"0":"post-106445","1":"post","2":"type-post","3":"status-publish","4":"format-standard","5":"has-post-thumbnail","7":"category-destacada","8":"category-famosos","9":"tag-j-balvin-en-argentina","10":"tag-j-balvin-y-valentina-ferrer","11":"tag-j-balvin-y-valentina-ferrer-villa-carlos-paz","12":"tag-jbalvin-en-cordoba"},"_links":{"self":[{"href":"https:\/\/www.cordobatimes.com\/showup\/wp-json\/wp\/v2\/posts\/106445","targetHints":{"allow":["GET"]}}],"collection":[{"href":"https:\/\/www.cordobatimes.com\/showup\/wp-json\/wp\/v2\/posts"}],"about":[{"href":"https:\/\/www.cordobatimes.com\/showup\/wp-json\/wp\/v2\/types\/post"}],"author":[{"embeddable":true,"href":"https:\/\/www.cordobatimes.com\/showup\/wp-json\/wp\/v2\/users\/24"}],"replies":[{"embeddable":true,"href":"https:\/\/www.cordobatimes.com\/showup\/wp-json\/wp\/v2\/comments?post=106445"}],"version-history":[{"count":0,"href":"https:\/\/www.cordobatimes.com\/showup\/wp-json\/wp\/v2\/posts\/106445\/revisions"}],"wp:featuredmedia":[{"embeddable":true,"href":"https:\/\/www.cordobatimes.com\/showup\/wp-json\/wp\/v2\/media\/106448"}],"wp:attachment":[{"href":"https:\/\/www.cordobatimes.com\/showup\/wp-json\/wp\/v2\/media?parent=106445"}],"wp:term":[{"taxonomy":"category","embeddable":true,"href":"https:\/\/www.cordobatimes.com\/showup\/wp-json\/wp\/v2\/categories?post=106445"},{"taxonomy":"post_tag","embeddable":true,"href":"https:\/\/www.cordobatimes.com\/showup\/wp-json\/wp\/v2\/tags?post=106445"}],"curies":[{"name":"wp","href":"https:\/\/api.w.org\/{rel}","templated":true}]}}