{"id":106436,"date":"2025-12-29T11:42:46","date_gmt":"2025-12-29T14:42:46","guid":{"rendered":"https:\/\/www.cordobatimes.com\/showup\/?p=106436"},"modified":"2025-12-29T11:42:46","modified_gmt":"2025-12-29T14:42:46","slug":"momi-giardina-y-la-noche-mas-picante-de-masterchef-celebrity-del-delantal-negro-al-borde-de-la-eliminacion","status":"publish","type":"post","link":"https:\/\/www.cordobatimes.com\/showup\/tv\/2025\/12\/29\/momi-giardina-y-la-noche-mas-picante-de-masterchef-celebrity-del-delantal-negro-al-borde-de-la-eliminacion\/","title":{"rendered":"Momi Giardina y la noche m\u00e1s picante de \u201cMasterChef Celebrity\u201d: del delantal negro al borde de la eliminaci\u00f3n"},"content":{"rendered":"<h3><strong>Momi Giardina vivi\u00f3 una de las galas m\u00e1s comentadas de la temporada de <em data-start=\"346\" data-end=\"378\">MasterChef Celebrity Argentina<\/em> este domingo por la noche, cuando fue enviada directamente a la gala de eliminaci\u00f3n con un delantal negro tras presentar un plato que el jurado consider\u00f3 inadmisible y \u201cfuera de toda discusi\u00f3n\u201d.<\/strong><\/h3>\n<p>La humorista y conductora, conocida por su estilo espont\u00e1neo y su presencia en programas como <em data-start=\"715\" data-end=\"732\">Nadie dice nada<\/em> y redes sociales, lleg\u00f3 al desaf\u00edo de la \u201cgala de \u00faltima chance\u201d enfrent\u00e1ndose a una consigna dif\u00edcil: preparar <strong data-start=\"845\" data-end=\"888\">momos, una especialidad t\u00edpica de Nepal<\/strong><\/p>\n<p>Desde el principio, el clima estuvo marcado por la \u2014ya cl\u00e1sica\u2014 mezcla de humor y nervios de Momi. Con risas, iron\u00edas y comentarios ir\u00f3nicos sobre su propia preparaci\u00f3n, intent\u00f3 salir adelante, pero <strong data-start=\"1128\" data-end=\"1179\">el plato no cumpli\u00f3 con los requisitos t\u00e9cnicos<\/strong>. En pleno proceso, lleg\u00f3 a decir: <em data-start=\"1214\" data-end=\"1317\">\u201cLes voy a ser sincera: yo, que ustedes, no lo probar\u00eda. Me inmolo por ustedes, yo tampoco lo pruebo\u201d<\/em>.<\/p>\n<h3 data-start=\"1358\" data-end=\"1408\"><strong data-start=\"1362\" data-end=\"1408\">La reacci\u00f3n del jurado y la medida extrema<\/strong><\/h3>\n<p data-start=\"1410\" data-end=\"1787\">Cuando lleg\u00f3 el momento de la degustaci\u00f3n, el jurado \u2014compuesto por <strong data-start=\"1478\" data-end=\"1534\">Germ\u00e1n Martitegui, Donato de Santis y Dami\u00e1n Betular<\/strong>\u2014 fue tajante. Al intentar cortar la masa, Martitegui constat\u00f3 que estaba <strong data-start=\"1608\" data-end=\"1617\">cruda<\/strong>, y la \u00fanica parte que se animaron a probar \u2014una salsa\u2014 result\u00f3 <strong data-start=\"1681\" data-end=\"1708\">excesivamente especiada<\/strong>, al punto de incomodar incluso a Donato.<\/p>\n<p data-start=\"1789\" data-end=\"2116\">Fue entonces cuando Martitegui sentenci\u00f3: <em data-start=\"1831\" data-end=\"1895\">\u201cYo creo que tiempos excepcionales requieren medidas extremas\u201d<\/em> \u2014y sac\u00f3 el <strong data-start=\"1907\" data-end=\"1938\">delantal negro directamente<\/strong>, sin pasar por las instancias intermedias habituales. La decisi\u00f3n fue hist\u00f3rica y dej\u00f3 al p\u00fablico en redes sociales comentando ampliamente.<\/p>\n<p data-start=\"2118\" data-end=\"2366\">Momi, fiel a su estilo, reaccion\u00f3 con humor y dramatismo: <em data-start=\"2176\" data-end=\"2242\">\u201c\u00a1Esto es una de las injusticias m\u00e1s grandes que me toc\u00f3 vivir!\u201d<\/em>, aunque luego acept\u00f3 la situaci\u00f3n con iron\u00eda y autocr\u00edtica ante la mirada del jurado.<\/p>\n<h3 data-start=\"2368\" data-end=\"2407\"><strong data-start=\"2372\" data-end=\"2407\">Qu\u00e9 significa el delantal negro<\/strong><\/h3>\n<p data-start=\"2409\" data-end=\"2768\">Recibir el <strong data-start=\"2420\" data-end=\"2438\">delantal negro<\/strong> en <em data-start=\"2442\" data-end=\"2464\">MasterChef Celebrity<\/em> implica ser enviado directo a la <strong data-start=\"2498\" data-end=\"2529\">pr\u00f3xima gala de eliminaci\u00f3n<\/strong>, sin derecho a seguir compitiendo normalmente esa noche. En otras palabras: Momi qued\u00f3 al <strong data-start=\"2620\" data-end=\"2644\">borde de decir adi\u00f3s<\/strong> al certamen, obligada a demostrar en la siguiente gala que puede revertir esta racha.<\/p>\n<div style=\"width: 640px;\" class=\"wp-video\"><video class=\"wp-video-shortcode\" id=\"video-106436-1\" width=\"640\" height=\"360\" preload=\"metadata\" controls=\"controls\"><source type=\"video\/mp4\" src=\"http:\/\/www.cordobatimes.com\/showup\/wp-content\/uploads\/2025\/12\/ssstwitter.com_1767016490275.mp4?_=1\" \/><a href=\"http:\/\/www.cordobatimes.com\/showup\/wp-content\/uploads\/2025\/12\/ssstwitter.com_1767016490275.mp4\">http:\/\/www.cordobatimes.com\/showup\/wp-content\/uploads\/2025\/12\/ssstwitter.com_1767016490275.mp4<\/a><\/video><\/div>\n","protected":false},"excerpt":{"rendered":"<p>Momi Giardina vivi\u00f3 una de las galas m\u00e1s comentadas de la temporada de MasterChef Celebrity Argentina este domingo por la noche, cuando fue enviada directamente a la gala de eliminaci\u00f3n con un delantal negro tras presentar un plato que el jurado consider\u00f3 inadmisible y \u201cfuera de toda discusi\u00f3n\u201d. La humorista y conductora, conocida por su [&hellip;]<\/p>\n","protected":false},"author":24,"featured_media":106439,"comment_status":"closed","ping_status":"closed","sticky":false,"template":"","format":"standard","meta":{"_seopress_robots_primary_cat":"none","_seopress_titles_title":"","_seopress_titles_desc":"","_seopress_robots_index":"","footnotes":""},"categories":[2],"tags":[40692,41116,40838,41115],"class_list":{"0":"post-106436","1":"post","2":"type-post","3":"status-publish","4":"format-standard","5":"has-post-thumbnail","7":"category-tv","8":"tag-masterchef-celebrity","9":"tag-momi-giardina-delantal-negro","10":"tag-momi-giardina-master-chef-celebrity","11":"tag-momi-giardina-y-la-noche-mas-picante-de-masterchef-celebrity"},"_links":{"self":[{"href":"https:\/\/www.cordobatimes.com\/showup\/wp-json\/wp\/v2\/posts\/106436","targetHints":{"allow":["GET"]}}],"collection":[{"href":"https:\/\/www.cordobatimes.com\/showup\/wp-json\/wp\/v2\/posts"}],"about":[{"href":"https:\/\/www.cordobatimes.com\/showup\/wp-json\/wp\/v2\/types\/post"}],"author":[{"embeddable":true,"href":"https:\/\/www.cordobatimes.com\/showup\/wp-json\/wp\/v2\/users\/24"}],"replies":[{"embeddable":true,"href":"https:\/\/www.cordobatimes.com\/showup\/wp-json\/wp\/v2\/comments?post=106436"}],"version-history":[{"count":0,"href":"https:\/\/www.cordobatimes.com\/showup\/wp-json\/wp\/v2\/posts\/106436\/revisions"}],"wp:featuredmedia":[{"embeddable":true,"href":"https:\/\/www.cordobatimes.com\/showup\/wp-json\/wp\/v2\/media\/106439"}],"wp:attachment":[{"href":"https:\/\/www.cordobatimes.com\/showup\/wp-json\/wp\/v2\/media?parent=106436"}],"wp:term":[{"taxonomy":"category","embeddable":true,"href":"https:\/\/www.cordobatimes.com\/showup\/wp-json\/wp\/v2\/categories?post=106436"},{"taxonomy":"post_tag","embeddable":true,"href":"https:\/\/www.cordobatimes.com\/showup\/wp-json\/wp\/v2\/tags?post=106436"}],"curies":[{"name":"wp","href":"https:\/\/api.w.org\/{rel}","templated":true}]}}