{"id":106413,"date":"2025-12-28T10:20:03","date_gmt":"2025-12-28T13:20:03","guid":{"rendered":"https:\/\/www.cordobatimes.com\/showup\/?p=106413"},"modified":"2025-12-28T10:20:03","modified_gmt":"2025-12-28T13:20:03","slug":"murio-brigitte-bardot-icono-del-cine-frances-y-defensora-de-los-animales","status":"publish","type":"post","link":"https:\/\/www.cordobatimes.com\/showup\/cine-y-series\/2025\/12\/28\/murio-brigitte-bardot-icono-del-cine-frances-y-defensora-de-los-animales\/","title":{"rendered":"Muri\u00f3 Brigitte Bardot, \u00edcono del cine franc\u00e9s y defensora de los animales"},"content":{"rendered":"<h3 data-start=\"242\" data-end=\"583\"><strong>La legendaria actriz y figura cultural Brigitte Bardot, una de las personalidades m\u00e1s influyentes del cine y la cultura del siglo XX, muri\u00f3 este domingo 28 de diciembre de 2025 a los 91 a\u00f1os. La noticia fue confirmada por la Fundaci\u00f3n Brigitte Bardot, que expres\u00f3 su profunda tristeza por la p\u00e9rdida de su fundadora y presidenta.<\/strong><\/h3>\n<p data-start=\"585\" data-end=\"1073\">Bardot se convirti\u00f3 en un <strong data-start=\"611\" data-end=\"675\">s\u00edmbolo mundial de libertad, sensualidad y ruptura de moldes<\/strong> tras su consagraci\u00f3n en <em data-start=\"700\" data-end=\"724\">Y Dios cre\u00f3 a la mujer<\/em> (1956), pel\u00edcula dirigida por Roger Vadim que no solo la lanz\u00f3 al estrellato internacional, sino que tambi\u00e9n marc\u00f3 un antes y un despu\u00e9s en la representaci\u00f3n femenina dentro del cine. Su imagen, su actitud y su manera de habitar la pantalla desafiaron las normas conservadoras de la \u00e9poca y la transformaron en un fen\u00f3meno cultural sin precedentes.<\/p>\n<p data-start=\"585\" data-end=\"1073\"><img alt=\"\" loading=\"lazy\" decoding=\"async\" class=\"alignnone wp-image-106417 size-full\" src=\"http:\/\/www.cordobatimes.com\/showup\/wp-content\/uploads\/2025\/12\/Pantallazo-28-12-2025-09.39.58.jpg\" alt=\"\" width=\"734\" height=\"581\" srcset=\"https:\/\/www.cordobatimes.com\/showup\/wp-content\/uploads\/2025\/12\/Pantallazo-28-12-2025-09.39.58.jpg 734w, https:\/\/www.cordobatimes.com\/showup\/wp-content\/uploads\/2025\/12\/Pantallazo-28-12-2025-09.39.58-531x420.jpg 531w, https:\/\/www.cordobatimes.com\/showup\/wp-content\/uploads\/2025\/12\/Pantallazo-28-12-2025-09.39.58-150x119.jpg 150w, https:\/\/www.cordobatimes.com\/showup\/wp-content\/uploads\/2025\/12\/Pantallazo-28-12-2025-09.39.58-300x237.jpg 300w, https:\/\/www.cordobatimes.com\/showup\/wp-content\/uploads\/2025\/12\/Pantallazo-28-12-2025-09.39.58-696x551.jpg 696w\" sizes=\"auto, (max-width: 734px) 100vw, 734px\" \/><\/p>\n<p data-start=\"1075\" data-end=\"1403\">A lo largo de su carrera particip\u00f3 en cerca de <strong data-start=\"1122\" data-end=\"1138\">50 pel\u00edculas<\/strong>, consolid\u00e1ndose como una de las grandes estrellas del cine europeo. Pero su impacto fue mucho m\u00e1s all\u00e1 de la actuaci\u00f3n: Bardot fue <strong data-start=\"1270\" data-end=\"1330\">musa, referente de moda y emblema de una nueva feminidad<\/strong>, inspirando tendencias, est\u00e9ticas y debates que a\u00fan hoy siguen vigentes.<\/p>\n<p data-start=\"1075\" data-end=\"1403\"><img alt=\"\" loading=\"lazy\" decoding=\"async\" class=\"alignnone wp-image-106418 size-full\" src=\"http:\/\/www.cordobatimes.com\/showup\/wp-content\/uploads\/2025\/12\/Pantallazo-28-12-2025-09.44.13.jpg\" alt=\"\" width=\"481\" height=\"727\" srcset=\"https:\/\/www.cordobatimes.com\/showup\/wp-content\/uploads\/2025\/12\/Pantallazo-28-12-2025-09.44.13.jpg 481w, https:\/\/www.cordobatimes.com\/showup\/wp-content\/uploads\/2025\/12\/Pantallazo-28-12-2025-09.44.13-278x420.jpg 278w, https:\/\/www.cordobatimes.com\/showup\/wp-content\/uploads\/2025\/12\/Pantallazo-28-12-2025-09.44.13-150x227.jpg 150w, https:\/\/www.cordobatimes.com\/showup\/wp-content\/uploads\/2025\/12\/Pantallazo-28-12-2025-09.44.13-300x453.jpg 300w\" sizes=\"auto, (max-width: 481px) 100vw, 481px\" \/><\/p>\n<p data-start=\"1075\" data-end=\"1403\"><img alt=\"\" loading=\"lazy\" decoding=\"async\" class=\"alignnone wp-image-106419 size-full\" src=\"http:\/\/www.cordobatimes.com\/showup\/wp-content\/uploads\/2025\/12\/Brigitte-Bardot-1.jpg\" alt=\"\" width=\"736\" height=\"920\" srcset=\"https:\/\/www.cordobatimes.com\/showup\/wp-content\/uploads\/2025\/12\/Brigitte-Bardot-1.jpg 736w, https:\/\/www.cordobatimes.com\/showup\/wp-content\/uploads\/2025\/12\/Brigitte-Bardot-1-336x420.jpg 336w, https:\/\/www.cordobatimes.com\/showup\/wp-content\/uploads\/2025\/12\/Brigitte-Bardot-1-150x188.jpg 150w, https:\/\/www.cordobatimes.com\/showup\/wp-content\/uploads\/2025\/12\/Brigitte-Bardot-1-300x375.jpg 300w, https:\/\/www.cordobatimes.com\/showup\/wp-content\/uploads\/2025\/12\/Brigitte-Bardot-1-696x870.jpg 696w\" sizes=\"auto, (max-width: 736px) 100vw, 736px\" \/> <img alt=\"\" loading=\"lazy\" decoding=\"async\" class=\"alignnone wp-image-106420 size-full\" src=\"http:\/\/www.cordobatimes.com\/showup\/wp-content\/uploads\/2025\/12\/Brigitte-Bardot.jpg\" alt=\"\" width=\"736\" height=\"981\" srcset=\"https:\/\/www.cordobatimes.com\/showup\/wp-content\/uploads\/2025\/12\/Brigitte-Bardot.jpg 736w, https:\/\/www.cordobatimes.com\/showup\/wp-content\/uploads\/2025\/12\/Brigitte-Bardot-315x420.jpg 315w, https:\/\/www.cordobatimes.com\/showup\/wp-content\/uploads\/2025\/12\/Brigitte-Bardot-150x200.jpg 150w, https:\/\/www.cordobatimes.com\/showup\/wp-content\/uploads\/2025\/12\/Brigitte-Bardot-300x400.jpg 300w, https:\/\/www.cordobatimes.com\/showup\/wp-content\/uploads\/2025\/12\/Brigitte-Bardot-696x928.jpg 696w\" sizes=\"auto, (max-width: 736px) 100vw, 736px\" \/><\/p>\n<p data-start=\"1405\" data-end=\"1855\">En 1973, cuando todav\u00eda estaba en la cima de su popularidad, tom\u00f3 una decisi\u00f3n inesperada: <strong data-start=\"1496\" data-end=\"1534\">se retir\u00f3 definitivamente del cine<\/strong>. A partir de entonces, volc\u00f3 su vida a una causa que se convertir\u00eda en su mayor compromiso personal: <strong data-start=\"1636\" data-end=\"1682\">la defensa de los derechos de los animales<\/strong>. En 1986 fund\u00f3 la <strong data-start=\"1701\" data-end=\"1730\">Fundaci\u00f3n Brigitte Bardot<\/strong>, desde donde impuls\u00f3 campa\u00f1as internacionales contra el maltrato animal, la caza indiscriminada y la explotaci\u00f3n industrial.<\/p>\n<p data-start=\"1857\" data-end=\"2217\">Su activismo fue reconocido y valorado en todo el mundo, aunque su figura tambi\u00e9n estuvo rodeada de <strong data-start=\"1957\" data-end=\"2000\">pol\u00e9micas en el plano pol\u00edtico y social<\/strong> durante los \u00faltimos a\u00f1os, debido a declaraciones p\u00fablicas que generaron fuertes controversias en Francia. Aun as\u00ed, su legado art\u00edstico y su lucha por los animales permanecen como los pilares centrales de su historia.<\/p>\n<p data-start=\"2219\" data-end=\"2467\">Brigitte Bardot pas\u00f3 sus \u00faltimos a\u00f1os alejada de la vida p\u00fablica, instalada en <strong data-start=\"2298\" data-end=\"2314\">Saint-Tropez<\/strong>, dedicada a su fundaci\u00f3n y rodeada de animales, lejos de los flashes que alguna vez la convirtieron en una de las mujeres m\u00e1s fotografiadas del planeta.<\/p>\n<p data-start=\"2469\" data-end=\"2644\">Su muerte marca el cierre de una era. <strong data-start=\"2507\" data-end=\"2556\">Actriz, cantante, \u00edcono de estilo y activista<\/strong>, Bardot deja una huella profunda en el cine, la cultura popular y la conciencia social.<\/p>\n<div style=\"width: 696px;\" class=\"wp-video\"><video class=\"wp-video-shortcode\" id=\"video-106413-1\" width=\"696\" height=\"1237\" preload=\"metadata\" controls=\"controls\"><source type=\"video\/mp4\" src=\"http:\/\/www.cordobatimes.com\/showup\/wp-content\/uploads\/2025\/12\/ssstwitter.com_1766927434530.mp4?_=1\" \/><a href=\"http:\/\/www.cordobatimes.com\/showup\/wp-content\/uploads\/2025\/12\/ssstwitter.com_1766927434530.mp4\">http:\/\/www.cordobatimes.com\/showup\/wp-content\/uploads\/2025\/12\/ssstwitter.com_1766927434530.mp4<\/a><\/video><\/div>\n<p data-start=\"2469\" data-end=\"2644\">\n","protected":false},"excerpt":{"rendered":"<p>La legendaria actriz y figura cultural Brigitte Bardot, una de las personalidades m\u00e1s influyentes del cine y la cultura del siglo XX, muri\u00f3 este domingo 28 de diciembre de 2025 a los 91 a\u00f1os. La noticia fue confirmada por la Fundaci\u00f3n Brigitte Bardot, que expres\u00f3 su profunda tristeza por la p\u00e9rdida de su fundadora y [&hellip;]<\/p>\n","protected":false},"author":24,"featured_media":106416,"comment_status":"closed","ping_status":"closed","sticky":false,"template":"","format":"standard","meta":{"_seopress_robots_primary_cat":"none","_seopress_titles_title":"","_seopress_titles_desc":"","_seopress_robots_index":"","footnotes":""},"categories":[3],"tags":[41108,41110,41109],"class_list":{"0":"post-106413","1":"post","2":"type-post","3":"status-publish","4":"format-standard","5":"has-post-thumbnail","7":"category-cine-y-series","8":"tag-brigitte-bardot","9":"tag-carrera-de-brigitte-bardot","10":"tag-muerte-de-brigitte-bardot"},"_links":{"self":[{"href":"https:\/\/www.cordobatimes.com\/showup\/wp-json\/wp\/v2\/posts\/106413","targetHints":{"allow":["GET"]}}],"collection":[{"href":"https:\/\/www.cordobatimes.com\/showup\/wp-json\/wp\/v2\/posts"}],"about":[{"href":"https:\/\/www.cordobatimes.com\/showup\/wp-json\/wp\/v2\/types\/post"}],"author":[{"embeddable":true,"href":"https:\/\/www.cordobatimes.com\/showup\/wp-json\/wp\/v2\/users\/24"}],"replies":[{"embeddable":true,"href":"https:\/\/www.cordobatimes.com\/showup\/wp-json\/wp\/v2\/comments?post=106413"}],"version-history":[{"count":0,"href":"https:\/\/www.cordobatimes.com\/showup\/wp-json\/wp\/v2\/posts\/106413\/revisions"}],"wp:featuredmedia":[{"embeddable":true,"href":"https:\/\/www.cordobatimes.com\/showup\/wp-json\/wp\/v2\/media\/106416"}],"wp:attachment":[{"href":"https:\/\/www.cordobatimes.com\/showup\/wp-json\/wp\/v2\/media?parent=106413"}],"wp:term":[{"taxonomy":"category","embeddable":true,"href":"https:\/\/www.cordobatimes.com\/showup\/wp-json\/wp\/v2\/categories?post=106413"},{"taxonomy":"post_tag","embeddable":true,"href":"https:\/\/www.cordobatimes.com\/showup\/wp-json\/wp\/v2\/tags?post=106413"}],"curies":[{"name":"wp","href":"https:\/\/api.w.org\/{rel}","templated":true}]}}