{"id":106244,"date":"2025-12-23T17:42:43","date_gmt":"2025-12-23T20:42:43","guid":{"rendered":"https:\/\/www.cordobatimes.com\/showup\/?p=106244"},"modified":"2025-12-23T17:42:43","modified_gmt":"2025-12-23T20:42:43","slug":"sofia-gonnet-anuncio-un-descanso-tras-el-escandalo-con-homero-pettinato","status":"publish","type":"post","link":"https:\/\/www.cordobatimes.com\/showup\/influencers\/2025\/12\/23\/sofia-gonnet-anuncio-un-descanso-tras-el-escandalo-con-homero-pettinato\/","title":{"rendered":"Sof\u00eda Gonnet anunci\u00f3 un descanso tras el esc\u00e1ndalo con Homero Pettinato"},"content":{"rendered":"<h3 data-start=\"340\" data-end=\"605\"><strong>Sof\u00eda Gonnet decidi\u00f3 tomarse un tiempo lejos de las redes sociales y de la exposici\u00f3n p\u00fablica, en medio de un contexto personal complejo que se da tras su reciente separaci\u00f3n de Homero Pettinato y el fuerte esc\u00e1ndalo medi\u00e1tico que se gener\u00f3 a partir de ese quiebre.<\/strong><\/h3>\n<p data-start=\"607\" data-end=\"1006\">La ruptura entre ambos no pas\u00f3 desapercibida y r\u00e1pidamente escal\u00f3 en las redes sociales y en los medios, luego de que comenzaran a circular capturas de chats privados y versiones cruzadas sobre lo ocurrido durante la relaci\u00f3n. En ese marco, Sof\u00eda comparti\u00f3 mensajes que daban cuenta de un v\u00ednculo conflictivo, mientras que Homero realiz\u00f3 su propio descargo p\u00fablico para dar su versi\u00f3n de los hechos.<\/p>\n<p data-start=\"1008\" data-end=\"1354\">Con el correr de los d\u00edas, el conflicto sum\u00f3 nuevos cap\u00edtulos, acusaciones indirectas y una fuerte exposici\u00f3n medi\u00e1tica que mantuvo a la influencer en el centro de la escena. La situaci\u00f3n gener\u00f3 repercusi\u00f3n entre seguidores y medios, y termin\u00f3 convirti\u00e9ndose en uno de los temas m\u00e1s comentados del momento en el mundo del espect\u00e1culo y las redes.<\/p>\n<p data-start=\"1356\" data-end=\"1574\">En este contexto, Sof\u00eda Gonnet decidi\u00f3 poner un freno y priorizar su bienestar emocional. Anoche, a trav\u00e9s de una historia de Instagram, public\u00f3 un mensaje breve y contundente en el que anunci\u00f3 su alejamiento temporal:<\/p>\n<blockquote data-start=\"1576\" data-end=\"1741\">\n<p data-start=\"1578\" data-end=\"1741\">\u201cHola a todos, he decidido tomarme un tiempo para sanar, para m\u00ed, para enfocarme en mi bienestar. Necesito desconectar un tiempo y volver\u00e9 cuando me sienta lista.\u201d<\/p>\n<\/blockquote>\n<p data-start=\"1743\" data-end=\"1926\">El texto, presentado sobre un fondo negro y sin dar mayores explicaciones, dej\u00f3 en claro que se trata de una decisi\u00f3n personal y necesaria, sin fechas ni precisiones sobre su regreso.<\/p>\n<p data-start=\"1743\" data-end=\"1926\"><img alt=\"\" loading=\"lazy\" decoding=\"async\" class=\"alignnone wp-image-106247 size-full\" src=\"http:\/\/www.cordobatimes.com\/showup\/wp-content\/uploads\/2025\/12\/1000062137.jpg\" alt=\"\" width=\"720\" height=\"1235\" srcset=\"https:\/\/www.cordobatimes.com\/showup\/wp-content\/uploads\/2025\/12\/1000062137.jpg 720w, https:\/\/www.cordobatimes.com\/showup\/wp-content\/uploads\/2025\/12\/1000062137-245x420.jpg 245w, https:\/\/www.cordobatimes.com\/showup\/wp-content\/uploads\/2025\/12\/1000062137-597x1024.jpg 597w, https:\/\/www.cordobatimes.com\/showup\/wp-content\/uploads\/2025\/12\/1000062137-150x257.jpg 150w, https:\/\/www.cordobatimes.com\/showup\/wp-content\/uploads\/2025\/12\/1000062137-300x515.jpg 300w, https:\/\/www.cordobatimes.com\/showup\/wp-content\/uploads\/2025\/12\/1000062137-696x1194.jpg 696w\" sizes=\"auto, (max-width: 720px) 100vw, 720px\" \/><\/p>\n<p data-start=\"1928\" data-end=\"2156\">Por el momento, Sof\u00eda Gonnet no volvi\u00f3 a expresarse p\u00fablicamente, aunque su mensaje marca un punto de cierre tras semanas de alta exposici\u00f3n y conflicto, y abre una etapa de pausa enfocada en el autocuidado y la salud emocional.<\/p>\n","protected":false},"excerpt":{"rendered":"<p>Sof\u00eda Gonnet decidi\u00f3 tomarse un tiempo lejos de las redes sociales y de la exposici\u00f3n p\u00fablica, en medio de un contexto personal complejo que se da tras su reciente separaci\u00f3n de Homero Pettinato y el fuerte esc\u00e1ndalo medi\u00e1tico que se gener\u00f3 a partir de ese quiebre. La ruptura entre ambos no pas\u00f3 desapercibida y r\u00e1pidamente [&hellip;]<\/p>\n","protected":false},"author":24,"featured_media":106248,"comment_status":"closed","ping_status":"closed","sticky":false,"template":"","format":"standard","meta":{"_seopress_robots_primary_cat":"none","_seopress_titles_title":"","_seopress_titles_desc":"","_seopress_robots_index":"","footnotes":""},"categories":[23136],"tags":[41053,41054,41052],"class_list":{"0":"post-106244","1":"post","2":"type-post","3":"status-publish","4":"format-standard","5":"has-post-thumbnail","7":"category-influencers","8":"tag-la-reini-deja-las-redes","9":"tag-sofia-gonet-deja-las-redes","10":"tag-sofia-gonet-se-tomo-un-tiempo-de-las-redes"},"_links":{"self":[{"href":"https:\/\/www.cordobatimes.com\/showup\/wp-json\/wp\/v2\/posts\/106244","targetHints":{"allow":["GET"]}}],"collection":[{"href":"https:\/\/www.cordobatimes.com\/showup\/wp-json\/wp\/v2\/posts"}],"about":[{"href":"https:\/\/www.cordobatimes.com\/showup\/wp-json\/wp\/v2\/types\/post"}],"author":[{"embeddable":true,"href":"https:\/\/www.cordobatimes.com\/showup\/wp-json\/wp\/v2\/users\/24"}],"replies":[{"embeddable":true,"href":"https:\/\/www.cordobatimes.com\/showup\/wp-json\/wp\/v2\/comments?post=106244"}],"version-history":[{"count":0,"href":"https:\/\/www.cordobatimes.com\/showup\/wp-json\/wp\/v2\/posts\/106244\/revisions"}],"wp:featuredmedia":[{"embeddable":true,"href":"https:\/\/www.cordobatimes.com\/showup\/wp-json\/wp\/v2\/media\/106248"}],"wp:attachment":[{"href":"https:\/\/www.cordobatimes.com\/showup\/wp-json\/wp\/v2\/media?parent=106244"}],"wp:term":[{"taxonomy":"category","embeddable":true,"href":"https:\/\/www.cordobatimes.com\/showup\/wp-json\/wp\/v2\/categories?post=106244"},{"taxonomy":"post_tag","embeddable":true,"href":"https:\/\/www.cordobatimes.com\/showup\/wp-json\/wp\/v2\/tags?post=106244"}],"curies":[{"name":"wp","href":"https:\/\/api.w.org\/{rel}","templated":true}]}}