{"id":106206,"date":"2025-12-23T10:17:26","date_gmt":"2025-12-23T13:17:26","guid":{"rendered":"https:\/\/www.cordobatimes.com\/showup\/?p=106206"},"modified":"2025-12-23T10:17:26","modified_gmt":"2025-12-23T13:17:26","slug":"christian-petersen-sigue-internado-tras-descompensacion-en-el-volcan-lanin-como-esta-su-salud","status":"publish","type":"post","link":"https:\/\/www.cordobatimes.com\/showup\/famosos\/2025\/12\/23\/christian-petersen-sigue-internado-tras-descompensacion-en-el-volcan-lanin-como-esta-su-salud\/","title":{"rendered":"Christian Petersen sigue internado tras descompensaci\u00f3n en el volc\u00e1n Lan\u00edn: c\u00f3mo est\u00e1 su salud"},"content":{"rendered":"<h3 data-start=\"252\" data-end=\"577\"><strong>El reconocido chef Christian Petersen contin\u00faa internado en terapia intensiva luego de haber sufrido una grave descompensaci\u00f3n mientras realizaba una excursi\u00f3n en el volc\u00e1n Lan\u00edn, en la provincia de Neuqu\u00e9n. El episodio ocurri\u00f3 durante un ascenso a la monta\u00f1a y deriv\u00f3 en su traslado de urgencia a un centro de salud.<\/strong><\/h3>\n<p data-start=\"579\" data-end=\"882\">Seg\u00fan se inform\u00f3 oficialmente, Petersen ingres\u00f3 al <strong data-start=\"630\" data-end=\"688\">Hospital Dr. Ram\u00f3n Carrillo de San Mart\u00edn de los Andes<\/strong>, donde fue diagnosticado con una <strong data-start=\"722\" data-end=\"745\">falla multiorg\u00e1nica<\/strong>, un cuadro cl\u00ednico severo que implica el compromiso de varios \u00f3rganos vitales y que requiere cuidados intensivos y monitoreo permanente.<\/p>\n<p data-start=\"884\" data-end=\"1205\">Durante los primeros d\u00edas de internaci\u00f3n, el chef permaneci\u00f3 <strong data-start=\"945\" data-end=\"996\">intubado y con asistencia respiratoria mec\u00e1nica<\/strong>, lo que evidenciaba la gravedad de su estado. En las \u00faltimas horas, los m\u00e9dicos confirmaron que fue <strong data-start=\"1097\" data-end=\"1109\">extubado<\/strong>, un dato alentador dentro de un cuadro que contin\u00faa siendo delicado y con pron\u00f3stico reservado.<\/p>\n<p data-start=\"1207\" data-end=\"1569\">El incidente se produjo mientras Petersen ascend\u00eda el volc\u00e1n, de m\u00e1s de 3.700 metros sobre el nivel del mar, acompa\u00f1ado por gu\u00edas de monta\u00f1a. Al manifestar s\u00edntomas de malestar, fue asistido en el lugar, descendido y posteriormente trasladado por personal de emergencia hasta un hospital de Jun\u00edn de los Andes, desde donde fue derivado a San Mart\u00edn de los Andes.<\/p>\n<p data-start=\"1571\" data-end=\"1837\">Especialistas consultados se\u00f1alaron que el esfuerzo f\u00edsico en altura puede agravar descompensaciones severas y desencadenar cuadros complejos como la falla multiorg\u00e1nica, que suelen requerir soporte respiratorio, medicaci\u00f3n espec\u00edfica y seguimiento m\u00e9dico constante.<\/p>\n<p data-start=\"1839\" data-end=\"2146\">Desde su entorno familiar solicitaron <strong data-start=\"1877\" data-end=\"1898\">respeto y cautela<\/strong> en la difusi\u00f3n de informaci\u00f3n, y remarcaron que cualquier parte m\u00e9dico oficial ser\u00e1 comunicado \u00fanicamente por las autoridades sanitarias. Por el momento, no se confirm\u00f3 si el chef podr\u00e1 ser trasladado a Buenos Aires para continuar su recuperaci\u00f3n.<\/p>\n<p data-start=\"2148\" data-end=\"2299\">Mientras tanto, la evoluci\u00f3n de Christian Petersen es seguida con atenci\u00f3n, con se\u00f1ales de mejor\u00eda, aunque su estado de salud contin\u00faa siendo delicado.<\/p>\n<p data-start=\"2148\" data-end=\"2299\">\n","protected":false},"excerpt":{"rendered":"<p>El reconocido chef Christian Petersen contin\u00faa internado en terapia intensiva luego de haber sufrido una grave descompensaci\u00f3n mientras realizaba una excursi\u00f3n en el volc\u00e1n Lan\u00edn, en la provincia de Neuqu\u00e9n. El episodio ocurri\u00f3 durante un ascenso a la monta\u00f1a y deriv\u00f3 en su traslado de urgencia a un centro de salud. Seg\u00fan se inform\u00f3 oficialmente, [&hellip;]<\/p>\n","protected":false},"author":24,"featured_media":106209,"comment_status":"closed","ping_status":"closed","sticky":false,"template":"","format":"standard","meta":{"_seopress_robots_primary_cat":"none","_seopress_titles_title":"","_seopress_titles_desc":"","_seopress_robots_index":"","footnotes":""},"categories":[4],"tags":[40972,40974,41034],"class_list":{"0":"post-106206","1":"post","2":"type-post","3":"status-publish","4":"format-standard","5":"has-post-thumbnail","7":"category-famosos","8":"tag-christian-petersen","9":"tag-christian-petersen-volcan-lanin","10":"tag-estado-de-salud-de-christian-petersen"},"_links":{"self":[{"href":"https:\/\/www.cordobatimes.com\/showup\/wp-json\/wp\/v2\/posts\/106206","targetHints":{"allow":["GET"]}}],"collection":[{"href":"https:\/\/www.cordobatimes.com\/showup\/wp-json\/wp\/v2\/posts"}],"about":[{"href":"https:\/\/www.cordobatimes.com\/showup\/wp-json\/wp\/v2\/types\/post"}],"author":[{"embeddable":true,"href":"https:\/\/www.cordobatimes.com\/showup\/wp-json\/wp\/v2\/users\/24"}],"replies":[{"embeddable":true,"href":"https:\/\/www.cordobatimes.com\/showup\/wp-json\/wp\/v2\/comments?post=106206"}],"version-history":[{"count":0,"href":"https:\/\/www.cordobatimes.com\/showup\/wp-json\/wp\/v2\/posts\/106206\/revisions"}],"wp:featuredmedia":[{"embeddable":true,"href":"https:\/\/www.cordobatimes.com\/showup\/wp-json\/wp\/v2\/media\/106209"}],"wp:attachment":[{"href":"https:\/\/www.cordobatimes.com\/showup\/wp-json\/wp\/v2\/media?parent=106206"}],"wp:term":[{"taxonomy":"category","embeddable":true,"href":"https:\/\/www.cordobatimes.com\/showup\/wp-json\/wp\/v2\/categories?post=106206"},{"taxonomy":"post_tag","embeddable":true,"href":"https:\/\/www.cordobatimes.com\/showup\/wp-json\/wp\/v2\/tags?post=106206"}],"curies":[{"name":"wp","href":"https:\/\/api.w.org\/{rel}","templated":true}]}}