{"id":106168,"date":"2025-12-22T11:09:42","date_gmt":"2025-12-22T14:09:42","guid":{"rendered":"https:\/\/www.cordobatimes.com\/showup\/?p=106168"},"modified":"2025-12-22T11:50:17","modified_gmt":"2025-12-22T14:50:17","slug":"praline-de-nueces-pecan-receta-facil-y-rendidora","status":"publish","type":"post","link":"https:\/\/www.cordobatimes.com\/showup\/cocina\/2025\/12\/22\/praline-de-nueces-pecan-receta-facil-y-rendidora\/","title":{"rendered":"Pralin\u00e9 de nueces pec\u00e1n (receta f\u00e1cil y rendidora)"},"content":{"rendered":"<p data-start=\"262\" data-end=\"522\">El pralin\u00e9 de nueces pec\u00e1n es una preparaci\u00f3n simple y vers\u00e1til, ideal para usar en postres, helados, tortas o para disfrutar solo como snack dulce. Con pocos ingredientes y un paso a paso sencillo, se obtiene un resultado crocante, arom\u00e1tico y lleno de sabor.<\/p>\n<h3 data-start=\"529\" data-end=\"548\">\ud83d\udcdd Ingredientes<\/h3>\n<ul data-start=\"550\" data-end=\"640\">\n<li data-start=\"550\" data-end=\"575\">\n<p data-start=\"552\" data-end=\"575\">200 g de nueces pec\u00e1n<\/p>\n<\/li>\n<li data-start=\"576\" data-end=\"595\">\n<p data-start=\"578\" data-end=\"595\">120 g de az\u00facar<\/p>\n<\/li>\n<li data-start=\"596\" data-end=\"640\">\n<p data-start=\"598\" data-end=\"640\">1 pizca de sal (opcional, realza el sabor)<\/p>\n<\/li>\n<\/ul>\n<h3 data-start=\"647\" data-end=\"676\">\ud83d\udc69\u200d\ud83c\udf73 Modo de preparaci\u00f3n<\/h3>\n<ol data-start=\"678\" data-end=\"1443\">\n<li data-start=\"678\" data-end=\"853\">\n<p data-start=\"681\" data-end=\"853\"><strong data-start=\"681\" data-end=\"705\">Precalentar el horno<\/strong> a 170 \u00b0C.<br data-start=\"715\" data-end=\"718\" \/>Distribuir las nueces pec\u00e1n en una placa y tostarlas durante <strong data-start=\"782\" data-end=\"800\">8 a 10 minutos<\/strong>, hasta que est\u00e9n apenas doradas. Retirar y reservar.<\/p>\n<\/li>\n<li data-start=\"855\" data-end=\"1035\">\n<p data-start=\"858\" data-end=\"1035\"><strong data-start=\"858\" data-end=\"883\">Preparar el caramelo.<\/strong><br data-start=\"883\" data-end=\"886\" \/>En una sart\u00e9n amplia, colocar el az\u00facar y llevar a <strong data-start=\"940\" data-end=\"955\">fuego medio<\/strong>, sin revolver, hasta que se derrita por completo y tome un color dorado parejo.<\/p>\n<\/li>\n<li data-start=\"1037\" data-end=\"1171\">\n<p data-start=\"1040\" data-end=\"1171\"><strong data-start=\"1040\" data-end=\"1066\">Incorporar las nueces.<\/strong><br data-start=\"1066\" data-end=\"1069\" \/>Agregar las nueces pec\u00e1n tostadas al caramelo y mezclar r\u00e1pidamente para que queden bien cubiertas.<\/p>\n<\/li>\n<li data-start=\"1173\" data-end=\"1307\">\n<p data-start=\"1176\" data-end=\"1307\"><strong data-start=\"1176\" data-end=\"1188\">Enfriar.<\/strong><br data-start=\"1188\" data-end=\"1191\" \/>Volcar la preparaci\u00f3n sobre una placa enmantecada o cubierta con papel manteca, separando ligeramente las nueces.<\/p>\n<\/li>\n<li data-start=\"1309\" data-end=\"1443\">\n<p data-start=\"1312\" data-end=\"1443\"><strong data-start=\"1312\" data-end=\"1326\">Finalizar.<\/strong><br data-start=\"1326\" data-end=\"1329\" \/>Espolvorear con una pizca de sal si se desea. Dejar enfriar completamente y luego romper en trozos irregulares.<\/p>\n<\/li>\n<\/ol>\n<h3 data-start=\"1450\" data-end=\"1483\">\ud83d\udd01 Opcional: pasta de pralin\u00e9<\/h3>\n<p data-start=\"1485\" data-end=\"1509\">Una vez fr\u00edo el pralin\u00e9:<\/p>\n<ul data-start=\"1511\" data-end=\"1685\">\n<li data-start=\"1511\" data-end=\"1589\">\n<p data-start=\"1513\" data-end=\"1589\">Colocarlo en un procesador y triturar hasta obtener una <strong data-start=\"1569\" data-end=\"1586\">pasta cremosa<\/strong>.<\/p>\n<\/li>\n<li data-start=\"1590\" data-end=\"1685\">\n<p data-start=\"1592\" data-end=\"1685\">Si es necesario, detener el procesador y raspar los bordes para lograr una textura homog\u00e9nea.<\/p>\n<\/li>\n<\/ul>\n<p data-start=\"1687\" data-end=\"1774\">Esta pasta es ideal para rellenos, cremas, untables o para saborizar helados y mousses.<\/p>\n","protected":false},"excerpt":{"rendered":"<p>El pralin\u00e9 de nueces pec\u00e1n es una preparaci\u00f3n simple y vers\u00e1til, ideal para usar en postres, helados, tortas o para disfrutar solo como snack dulce. Con pocos ingredientes y un paso a paso sencillo, se obtiene un resultado crocante, arom\u00e1tico y lleno de sabor. \ud83d\udcdd Ingredientes 200 g de nueces pec\u00e1n 120 g de az\u00facar [&hellip;]<\/p>\n","protected":false},"author":24,"featured_media":106178,"comment_status":"closed","ping_status":"closed","sticky":false,"template":"","format":"standard","meta":{"_seopress_robots_primary_cat":"none","_seopress_titles_title":"","_seopress_titles_desc":"","_seopress_robots_index":"","footnotes":""},"categories":[1,317],"tags":[41017,41018,18191],"class_list":{"0":"post-106168","1":"post","2":"type-post","3":"status-publish","4":"format-standard","5":"has-post-thumbnail","7":"category-cocina","8":"category-recetas","9":"tag-praline-de-nueces-pecan","10":"tag-receta-de-praline-de-nueces-pecan","11":"tag-recetas-dulces"},"_links":{"self":[{"href":"https:\/\/www.cordobatimes.com\/showup\/wp-json\/wp\/v2\/posts\/106168","targetHints":{"allow":["GET"]}}],"collection":[{"href":"https:\/\/www.cordobatimes.com\/showup\/wp-json\/wp\/v2\/posts"}],"about":[{"href":"https:\/\/www.cordobatimes.com\/showup\/wp-json\/wp\/v2\/types\/post"}],"author":[{"embeddable":true,"href":"https:\/\/www.cordobatimes.com\/showup\/wp-json\/wp\/v2\/users\/24"}],"replies":[{"embeddable":true,"href":"https:\/\/www.cordobatimes.com\/showup\/wp-json\/wp\/v2\/comments?post=106168"}],"version-history":[{"count":0,"href":"https:\/\/www.cordobatimes.com\/showup\/wp-json\/wp\/v2\/posts\/106168\/revisions"}],"wp:featuredmedia":[{"embeddable":true,"href":"https:\/\/www.cordobatimes.com\/showup\/wp-json\/wp\/v2\/media\/106178"}],"wp:attachment":[{"href":"https:\/\/www.cordobatimes.com\/showup\/wp-json\/wp\/v2\/media?parent=106168"}],"wp:term":[{"taxonomy":"category","embeddable":true,"href":"https:\/\/www.cordobatimes.com\/showup\/wp-json\/wp\/v2\/categories?post=106168"},{"taxonomy":"post_tag","embeddable":true,"href":"https:\/\/www.cordobatimes.com\/showup\/wp-json\/wp\/v2\/tags?post=106168"}],"curies":[{"name":"wp","href":"https:\/\/api.w.org\/{rel}","templated":true}]}}