{"id":106139,"date":"2025-12-21T10:00:08","date_gmt":"2025-12-21T13:00:08","guid":{"rendered":"https:\/\/www.cordobatimes.com\/showup\/?p=106139"},"modified":"2025-12-21T10:00:08","modified_gmt":"2025-12-21T13:00:08","slug":"avatar-fuego-y-ceniza-arraso-en-su-estreno-y-reafirma-el-poder-global-de-la-saga","status":"publish","type":"post","link":"https:\/\/www.cordobatimes.com\/showup\/cine-y-series\/2025\/12\/21\/avatar-fuego-y-ceniza-arraso-en-su-estreno-y-reafirma-el-poder-global-de-la-saga\/","title":{"rendered":"Avatar: Fuego y ceniza arras\u00f3 en su estreno y reafirma el poder global de la saga"},"content":{"rendered":"<h3 data-start=\"255\" data-end=\"611\"><strong>La saga de <em data-start=\"266\" data-end=\"274\">Avatar<\/em> volvi\u00f3 a demostrar su enorme impacto en la taquilla mundial con el estreno de <em data-start=\"353\" data-end=\"369\">Fuego y ceniza<\/em>, la tercera entrega dirigida por James Cameron. En su primer fin de semana en cines, la pel\u00edcula alcanz\u00f3 una recaudaci\u00f3n estimada de 365 millones de d\u00f3lares a nivel global, consolid\u00e1ndose como uno de los lanzamientos m\u00e1s fuertes del a\u00f1o.<\/strong><\/h3>\n<p data-start=\"613\" data-end=\"1043\">En el mercado estadounidense, el film debut\u00f3 con <strong data-start=\"662\" data-end=\"721\">36,5 millones de d\u00f3lares en su primer d\u00eda de exhibici\u00f3n<\/strong>, y las proyecciones para el cierre del fin de semana oscilaron entre <strong data-start=\"791\" data-end=\"822\">85 y 90 millones de d\u00f3lares<\/strong>, tras su estreno en alrededor de <strong data-start=\"856\" data-end=\"871\">3.800 salas<\/strong>. Aunque el arranque dom\u00e9stico fue m\u00e1s moderado en comparaci\u00f3n con <em data-start=\"938\" data-end=\"967\">Avatar: El sentido del agua<\/em>, el desempe\u00f1o internacional result\u00f3 clave para impulsar las cifras totales.<\/p>\n<p data-start=\"1045\" data-end=\"1461\">La pel\u00edcula retoma la historia de <strong data-start=\"1079\" data-end=\"1103\">Jake Sully y Neytiri<\/strong>, quienes deben enfrentar una nueva amenaza ligada al fuego, un elemento que introduce <strong data-start=\"1190\" data-end=\"1209\">clanes in\u00e9ditos<\/strong> y ampl\u00eda el conflicto dentro de Pandora. Esta nueva etapa de la saga profundiza los choques culturales y los enfrentamientos entre mundos, manteniendo como sello distintivo el despliegue visual y t\u00e9cnico que caracteriza al universo creado por Cameron.<\/p>\n<p data-start=\"1463\" data-end=\"1756\">Con una fuerte respuesta del p\u00fablico fuera de Estados Unidos, <em data-start=\"1525\" data-end=\"1541\">Fuego y ceniza<\/em> confirma que la franquicia sigue despertando inter\u00e9s a nivel global. Adem\u00e1s, este nuevo cap\u00edtulo contin\u00faa ampliando el relato de Pandora, sentando las bases para las pr\u00f3ximas entregas ya anunciadas por el director.<\/p>\n<p data-start=\"1758\" data-end=\"1987\">Con estos n\u00fameros iniciales, <em data-start=\"1787\" data-end=\"1811\">Avatar: Fuego y ceniza<\/em> se perfila como uno de los grandes \u00e9xitos cinematogr\u00e1ficos del a\u00f1o y refuerza el lugar de <em data-start=\"1902\" data-end=\"1910\">Avatar<\/em> como una de las sagas m\u00e1s taquilleras e influyentes de la historia del cine.<\/p>\n<div style=\"width: 696px;\" class=\"wp-video\"><video class=\"wp-video-shortcode\" id=\"video-106139-1\" width=\"696\" height=\"392\" preload=\"metadata\" controls=\"controls\"><source type=\"video\/mp4\" src=\"http:\/\/www.cordobatimes.com\/showup\/wp-content\/uploads\/2025\/12\/Avatar_-Fuego-y-Ceniza-_-Trailer-Oficial-en-espanol-_-HD.mp4?_=1\" \/><a href=\"http:\/\/www.cordobatimes.com\/showup\/wp-content\/uploads\/2025\/12\/Avatar_-Fuego-y-Ceniza-_-Trailer-Oficial-en-espanol-_-HD.mp4\">http:\/\/www.cordobatimes.com\/showup\/wp-content\/uploads\/2025\/12\/Avatar_-Fuego-y-Ceniza-_-Trailer-Oficial-en-espanol-_-HD.mp4<\/a><\/video><\/div>\n","protected":false},"excerpt":{"rendered":"<p>La saga de Avatar volvi\u00f3 a demostrar su enorme impacto en la taquilla mundial con el estreno de Fuego y ceniza, la tercera entrega dirigida por James Cameron. En su primer fin de semana en cines, la pel\u00edcula alcanz\u00f3 una recaudaci\u00f3n estimada de 365 millones de d\u00f3lares a nivel global, consolid\u00e1ndose como uno de los [&hellip;]<\/p>\n","protected":false},"author":24,"featured_media":106142,"comment_status":"closed","ping_status":"closed","sticky":false,"template":"","format":"standard","meta":{"_seopress_robots_primary_cat":"none","_seopress_titles_title":"","_seopress_titles_desc":"","_seopress_robots_index":"","footnotes":""},"categories":[3],"tags":[41008,41007,41009,41010],"class_list":{"0":"post-106139","1":"post","2":"type-post","3":"status-publish","4":"format-standard","5":"has-post-thumbnail","7":"category-cine-y-series","8":"tag-avatar-fuego-y-ceniza","9":"tag-avatar-fuego-y-ceniza-arraso-en-su-estreno","10":"tag-saga-de-avatar","11":"tag-saga-de-avatar-taquilla-mundial"},"_links":{"self":[{"href":"https:\/\/www.cordobatimes.com\/showup\/wp-json\/wp\/v2\/posts\/106139","targetHints":{"allow":["GET"]}}],"collection":[{"href":"https:\/\/www.cordobatimes.com\/showup\/wp-json\/wp\/v2\/posts"}],"about":[{"href":"https:\/\/www.cordobatimes.com\/showup\/wp-json\/wp\/v2\/types\/post"}],"author":[{"embeddable":true,"href":"https:\/\/www.cordobatimes.com\/showup\/wp-json\/wp\/v2\/users\/24"}],"replies":[{"embeddable":true,"href":"https:\/\/www.cordobatimes.com\/showup\/wp-json\/wp\/v2\/comments?post=106139"}],"version-history":[{"count":0,"href":"https:\/\/www.cordobatimes.com\/showup\/wp-json\/wp\/v2\/posts\/106139\/revisions"}],"wp:featuredmedia":[{"embeddable":true,"href":"https:\/\/www.cordobatimes.com\/showup\/wp-json\/wp\/v2\/media\/106142"}],"wp:attachment":[{"href":"https:\/\/www.cordobatimes.com\/showup\/wp-json\/wp\/v2\/media?parent=106139"}],"wp:term":[{"taxonomy":"category","embeddable":true,"href":"https:\/\/www.cordobatimes.com\/showup\/wp-json\/wp\/v2\/categories?post=106139"},{"taxonomy":"post_tag","embeddable":true,"href":"https:\/\/www.cordobatimes.com\/showup\/wp-json\/wp\/v2\/tags?post=106139"}],"curies":[{"name":"wp","href":"https:\/\/api.w.org\/{rel}","templated":true}]}}