{"id":106105,"date":"2025-12-20T18:26:58","date_gmt":"2025-12-20T21:26:58","guid":{"rendered":"https:\/\/www.cordobatimes.com\/showup\/?p=106105"},"modified":"2025-12-20T18:26:58","modified_gmt":"2025-12-20T21:26:58","slug":"juan-jose-campanella-celebro-el-final-de-rodaje-de-un-episodio-de-la-ley-y-el-orden-unidad-de-victimas-especiales-junto-a-mariska-hargitay","status":"publish","type":"post","link":"https:\/\/www.cordobatimes.com\/showup\/cine-y-series\/2025\/12\/20\/juan-jose-campanella-celebro-el-final-de-rodaje-de-un-episodio-de-la-ley-y-el-orden-unidad-de-victimas-especiales-junto-a-mariska-hargitay\/","title":{"rendered":"Juan Jos\u00e9 Campanella celebr\u00f3 el final de rodaje de un episodio de La Ley y el Orden: Unidad de V\u00edctimas Especiales junto a Mariska Hargitay"},"content":{"rendered":"<h3 data-start=\"335\" data-end=\"769\"><strong>Juan Jos\u00e9 Campanella volvi\u00f3 a dejar su huella en una de las series m\u00e1s emblem\u00e1ticas de la televisi\u00f3n estadounidense. El reconocido director argentino comparti\u00f3 un video muy especial tras finalizar la grabaci\u00f3n de un nuevo episodio de <em data-start=\"569\" data-end=\"619\">La Ley y el Orden: Unidad de V\u00edctimas Especiales<\/em> (<em data-start=\"621\" data-end=\"639\">Law &amp; Order: SVU<\/em>), en el que trabaj\u00f3 junto a Mariska Hargitay, la hist\u00f3rica protagonista de la ficci\u00f3n que interpreta a la capitana Olivia Benson.<\/strong><\/h3>\n<p data-start=\"771\" data-end=\"1119\">En las im\u00e1genes, publicadas en sus redes sociales, Campanella aparece desde el set celebrando el cierre de la jornada de filmaci\u00f3n, acompa\u00f1ado por Hargitay y parte del equipo t\u00e9cnico. Con un clima distendido y de evidente camarader\u00eda, el director destac\u00f3 el trabajo colectivo y agradeci\u00f3 la experiencia de volver a formar parte de la exitosa serie.<\/p>\n<p data-start=\"1121\" data-end=\"1469\">No es la primera vez que Campanella dirige episodios de <em data-start=\"1177\" data-end=\"1182\">SVU<\/em>. A lo largo de los a\u00f1os, el realizador argentino fue convocado en reiteradas oportunidades para aportar su mirada y su estilo narrativo a la ficci\u00f3n, consolidando un v\u00ednculo profesional con el equipo y con Mariska Hargitay, quien adem\u00e1s de protagonizar la serie es productora ejecutiva.<\/p>\n<p data-start=\"1471\" data-end=\"1769\">El video r\u00e1pidamente despert\u00f3 el inter\u00e9s del p\u00fablico, no solo por la presencia de dos figuras de enorme trayectoria, sino tambi\u00e9n por el orgullo que genera ver a un director argentino triunfando y siendo valorado en una de las producciones m\u00e1s longevas y reconocidas de la televisi\u00f3n internacional.<\/p>\n<p data-start=\"1771\" data-end=\"1986\">Con m\u00e1s de dos d\u00e9cadas al aire, <em data-start=\"1803\" data-end=\"1853\">La Ley y el Orden: Unidad de V\u00edctimas Especiales<\/em> contin\u00faa renov\u00e1ndose, y la participaci\u00f3n de nombres como el de Juan Jos\u00e9 Campanella confirma el prestigio y la vigencia de la serie.<\/p>\n<div style=\"width: 638px;\" class=\"wp-video\"><video class=\"wp-video-shortcode\" id=\"video-106105-1\" width=\"638\" height=\"360\" preload=\"metadata\" controls=\"controls\"><source type=\"video\/mp4\" src=\"http:\/\/www.cordobatimes.com\/showup\/wp-content\/uploads\/2025\/12\/ssstwitter.com_1766264800960.mp4?_=1\" \/><a href=\"http:\/\/www.cordobatimes.com\/showup\/wp-content\/uploads\/2025\/12\/ssstwitter.com_1766264800960.mp4\">http:\/\/www.cordobatimes.com\/showup\/wp-content\/uploads\/2025\/12\/ssstwitter.com_1766264800960.mp4<\/a><\/video><\/div>\n","protected":false},"excerpt":{"rendered":"<p>Juan Jos\u00e9 Campanella volvi\u00f3 a dejar su huella en una de las series m\u00e1s emblem\u00e1ticas de la televisi\u00f3n estadounidense. El reconocido director argentino comparti\u00f3 un video muy especial tras finalizar la grabaci\u00f3n de un nuevo episodio de La Ley y el Orden: Unidad de V\u00edctimas Especiales (Law &amp; Order: SVU), en el que trabaj\u00f3 junto [&hellip;]<\/p>\n","protected":false},"author":24,"featured_media":106108,"comment_status":"closed","ping_status":"closed","sticky":false,"template":"","format":"standard","meta":{"_seopress_robots_primary_cat":"none","_seopress_titles_title":"","_seopress_titles_desc":"","_seopress_robots_index":"","footnotes":""},"categories":[3],"tags":[40995,40997,40996],"class_list":{"0":"post-106105","1":"post","2":"type-post","3":"status-publish","4":"format-standard","5":"has-post-thumbnail","7":"category-cine-y-series","8":"tag-final-de-rodaje-de-un-episodio-de-la-ley-y-el-orden-unidad-de-victimas-especiales","9":"tag-juan-jose-campanella-mariska-hargitay","10":"tag-la-ley-y-el-orden-unidad-de-victimas-especiales"},"_links":{"self":[{"href":"https:\/\/www.cordobatimes.com\/showup\/wp-json\/wp\/v2\/posts\/106105","targetHints":{"allow":["GET"]}}],"collection":[{"href":"https:\/\/www.cordobatimes.com\/showup\/wp-json\/wp\/v2\/posts"}],"about":[{"href":"https:\/\/www.cordobatimes.com\/showup\/wp-json\/wp\/v2\/types\/post"}],"author":[{"embeddable":true,"href":"https:\/\/www.cordobatimes.com\/showup\/wp-json\/wp\/v2\/users\/24"}],"replies":[{"embeddable":true,"href":"https:\/\/www.cordobatimes.com\/showup\/wp-json\/wp\/v2\/comments?post=106105"}],"version-history":[{"count":0,"href":"https:\/\/www.cordobatimes.com\/showup\/wp-json\/wp\/v2\/posts\/106105\/revisions"}],"wp:featuredmedia":[{"embeddable":true,"href":"https:\/\/www.cordobatimes.com\/showup\/wp-json\/wp\/v2\/media\/106108"}],"wp:attachment":[{"href":"https:\/\/www.cordobatimes.com\/showup\/wp-json\/wp\/v2\/media?parent=106105"}],"wp:term":[{"taxonomy":"category","embeddable":true,"href":"https:\/\/www.cordobatimes.com\/showup\/wp-json\/wp\/v2\/categories?post=106105"},{"taxonomy":"post_tag","embeddable":true,"href":"https:\/\/www.cordobatimes.com\/showup\/wp-json\/wp\/v2\/tags?post=106105"}],"curies":[{"name":"wp","href":"https:\/\/api.w.org\/{rel}","templated":true}]}}