{"id":106018,"date":"2025-12-18T17:17:53","date_gmt":"2025-12-18T20:17:53","guid":{"rendered":"https:\/\/www.cordobatimes.com\/showup\/?p=106018"},"modified":"2025-12-18T17:17:53","modified_gmt":"2025-12-18T20:17:53","slug":"christian-petersen-lucha-por-su-vida-tras-sufrir-una-afeccion-cardiaca-escalando-el-volcan-lanin","status":"publish","type":"post","link":"https:\/\/www.cordobatimes.com\/showup\/famosos\/2025\/12\/18\/christian-petersen-lucha-por-su-vida-tras-sufrir-una-afeccion-cardiaca-escalando-el-volcan-lanin\/","title":{"rendered":"Christian Petersen lucha por su vida tras sufrir una afecci\u00f3n card\u00edaca escalando el Volc\u00e1n Lan\u00edn"},"content":{"rendered":"<p data-start=\"264\" data-end=\"559\"><strong>Preocupaci\u00f3n y conmoci\u00f3n en el mundo gastron\u00f3mico y televisivo argentino por la delicada salud del chef Christian Petersen, quien se encuentra internado en grave estado luego de sufrir una descompensaci\u00f3n card\u00edaca mientras realizaba una excursi\u00f3n en el Volc\u00e1n Lan\u00edn, en la Patagonia.<\/strong><\/p>\n<p data-start=\"561\" data-end=\"904\">El episodio ocurri\u00f3 durante una actividad de monta\u00f1a organizada en el <strong data-start=\"631\" data-end=\"656\">Parque Nacional Lan\u00edn<\/strong>, cuando el reconocido cocinero, de <strong data-start=\"692\" data-end=\"703\">56 a\u00f1os<\/strong>, comenz\u00f3 a sentirse mal en pleno ascenso. Al notar que su estado f\u00edsico no era el habitual, el gu\u00eda a cargo dio aviso inmediato a los guardaparques y se activ\u00f3 un <strong data-start=\"867\" data-end=\"903\">operativo de rescate de urgencia<\/strong>.<\/p>\n<p data-start=\"906\" data-end=\"1292\">Petersen fue descendido de la monta\u00f1a <strong data-start=\"944\" data-end=\"954\">sedado<\/strong> y trasladado en primera instancia al hospital de <strong data-start=\"1004\" data-end=\"1026\">Jun\u00edn de los Andes<\/strong>, donde los m\u00e9dicos confirmaron que hab\u00eda sufrido un <strong data-start=\"1079\" data-end=\"1116\">episodio de fibrilaci\u00f3n auricular<\/strong>, una arritmia que provoca un ritmo card\u00edaco irregular y acelerado. Debido a la gravedad del cuadro, fue derivado al <strong data-start=\"1233\" data-end=\"1291\">Hospital Dr. Ram\u00f3n Carrillo de San Mart\u00edn de los Andes<\/strong>.<\/p>\n<h3 data-start=\"1294\" data-end=\"1359\"><strong data-start=\"1298\" data-end=\"1359\">Internado en terapia intensiva y con pron\u00f3stico reservado<\/strong><\/h3>\n<p data-start=\"1361\" data-end=\"1703\">Actualmente, el chef permanece <strong data-start=\"1392\" data-end=\"1426\">internado en terapia intensiva<\/strong>, con <strong data-start=\"1432\" data-end=\"1456\">pron\u00f3stico reservado<\/strong>. Seg\u00fan el \u00faltimo parte m\u00e9dico, se encuentra <strong data-start=\"1501\" data-end=\"1541\">con asistencia respiratoria mec\u00e1nica<\/strong>, presenta <strong data-start=\"1552\" data-end=\"1582\">inestabilidad hemodin\u00e1mica<\/strong>, contin\u00faa con arritmia y atraviesa un cuadro complejo que incluye <strong data-start=\"1649\" data-end=\"1669\">fallas org\u00e1nicas<\/strong>, por lo que su estado es cr\u00edtico.<\/p>\n<p data-start=\"1705\" data-end=\"1938\">Por el momento, <strong data-start=\"1721\" data-end=\"1765\">no es posible su traslado a Buenos Aires<\/strong> debido a la inestabilidad cl\u00ednica, por lo que contin\u00faa recibiendo atenci\u00f3n en el centro de salud neuquino, donde los profesionales siguen de cerca su evoluci\u00f3n hora a hora.<\/p>\n<h3 data-start=\"1940\" data-end=\"2007\"><strong data-start=\"1944\" data-end=\"2007\">El acompa\u00f1amiento de su familia y la preocupaci\u00f3n del medio<\/strong><\/h3>\n<p data-start=\"2009\" data-end=\"2339\">Christian Petersen se encuentra acompa\u00f1ado por su entorno m\u00e1s cercano, entre ellos <strong data-start=\"2092\" data-end=\"2120\">su esposa Sof\u00eda Zelaschi<\/strong>, con quien se cas\u00f3 en abril de este a\u00f1o. La noticia gener\u00f3 una fuerte repercusi\u00f3n y una ola de mensajes de apoyo por parte de colegas, figuras del espect\u00e1culo y seguidores, preocupados por la salud del reconocido chef.<\/p>\n<p data-start=\"2341\" data-end=\"2592\">Petersen es una figura muy querida y respetada, tanto por su extensa trayectoria en la gastronom\u00eda como por su presencia en la televisi\u00f3n, donde se destac\u00f3 como jurado en exitosos ciclos culinarios y por su aporte a la difusi\u00f3n de la cocina argentina.<\/p>\n<p data-start=\"2594\" data-end=\"2752\">Mientras tanto, <strong data-start=\"2610\" data-end=\"2648\">la familia pidi\u00f3 respeto y cautela<\/strong>, a la espera de una evoluci\u00f3n favorable en un momento que es seguido con profunda atenci\u00f3n y esperanza.<\/p>\n","protected":false},"excerpt":{"rendered":"<p>Preocupaci\u00f3n y conmoci\u00f3n en el mundo gastron\u00f3mico y televisivo argentino por la delicada salud del chef Christian Petersen, quien se encuentra internado en grave estado luego de sufrir una descompensaci\u00f3n card\u00edaca mientras realizaba una excursi\u00f3n en el Volc\u00e1n Lan\u00edn, en la Patagonia. El episodio ocurri\u00f3 durante una actividad de monta\u00f1a organizada en el Parque Nacional [&hellip;]<\/p>\n","protected":false},"author":24,"featured_media":106021,"comment_status":"closed","ping_status":"closed","sticky":false,"template":"","format":"standard","meta":{"_seopress_robots_primary_cat":"none","_seopress_titles_title":"","_seopress_titles_desc":"","_seopress_robots_index":"","footnotes":""},"categories":[12967,4],"tags":[40972,40973,40974],"class_list":{"0":"post-106018","1":"post","2":"type-post","3":"status-publish","4":"format-standard","5":"has-post-thumbnail","7":"category-destacada","8":"category-famosos","9":"tag-christian-petersen","10":"tag-christian-petersen-afeccion-cardiaca","11":"tag-christian-petersen-volcan-lanin"},"_links":{"self":[{"href":"https:\/\/www.cordobatimes.com\/showup\/wp-json\/wp\/v2\/posts\/106018","targetHints":{"allow":["GET"]}}],"collection":[{"href":"https:\/\/www.cordobatimes.com\/showup\/wp-json\/wp\/v2\/posts"}],"about":[{"href":"https:\/\/www.cordobatimes.com\/showup\/wp-json\/wp\/v2\/types\/post"}],"author":[{"embeddable":true,"href":"https:\/\/www.cordobatimes.com\/showup\/wp-json\/wp\/v2\/users\/24"}],"replies":[{"embeddable":true,"href":"https:\/\/www.cordobatimes.com\/showup\/wp-json\/wp\/v2\/comments?post=106018"}],"version-history":[{"count":0,"href":"https:\/\/www.cordobatimes.com\/showup\/wp-json\/wp\/v2\/posts\/106018\/revisions"}],"wp:featuredmedia":[{"embeddable":true,"href":"https:\/\/www.cordobatimes.com\/showup\/wp-json\/wp\/v2\/media\/106021"}],"wp:attachment":[{"href":"https:\/\/www.cordobatimes.com\/showup\/wp-json\/wp\/v2\/media?parent=106018"}],"wp:term":[{"taxonomy":"category","embeddable":true,"href":"https:\/\/www.cordobatimes.com\/showup\/wp-json\/wp\/v2\/categories?post=106018"},{"taxonomy":"post_tag","embeddable":true,"href":"https:\/\/www.cordobatimes.com\/showup\/wp-json\/wp\/v2\/tags?post=106018"}],"curies":[{"name":"wp","href":"https:\/\/api.w.org\/{rel}","templated":true}]}}