{"id":105656,"date":"2025-12-11T18:57:14","date_gmt":"2025-12-11T21:57:14","guid":{"rendered":"https:\/\/www.cordobatimes.com\/showup\/?p=105656"},"modified":"2025-12-11T18:57:14","modified_gmt":"2025-12-11T21:57:14","slug":"supergirl-llega-el-trailer-oficial-de-la-nueva-era-del-universo-dc","status":"publish","type":"post","link":"https:\/\/www.cordobatimes.com\/showup\/cine-y-series\/2025\/12\/11\/supergirl-llega-el-trailer-oficial-de-la-nueva-era-del-universo-dc\/","title":{"rendered":"Supergirl: llega el tr\u00e1iler oficial de la nueva era del Universo DC"},"content":{"rendered":"<h3 data-start=\"237\" data-end=\"575\"><strong>DC Studios lanz\u00f3 el tr\u00e1iler oficial de <em data-start=\"276\" data-end=\"287\">Supergirl<\/em>, la esperad\u00edsima pel\u00edcula protagonizada por Milly Alcock, que presenta una versi\u00f3n totalmente renovada de Kara Zor-El. La historia muestra a una hero\u00edna con un costado m\u00e1s crudo, imperfecto y emocionalmente complejo, marcando un cambio fuerte respecto de las adaptaciones anteriores.<\/strong><\/h3>\n<p data-start=\"577\" data-end=\"850\">El adelanto revela un tono c\u00f3smico cargado de acci\u00f3n, humor y dramatismo, adem\u00e1s de una est\u00e9tica que mezcla aventura espacial con una narrativa m\u00e1s \u00edntima. Tambi\u00e9n aparecen escenas junto a <strong data-start=\"766\" data-end=\"776\">Krypto<\/strong>, el inseparable perro kryptoniano, que suma momentos tiernos y vibrantes.<\/p>\n<p data-start=\"852\" data-end=\"1084\">Otro destaque del tr\u00e1iler es la <strong data-start=\"884\" data-end=\"930\">primera aparici\u00f3n de Jason Momoa como Lobo<\/strong>, uno de los personajes m\u00e1s esperados del nuevo Universo DC. Su presencia confirma que la pel\u00edcula ser\u00e1 clave para la construcci\u00f3n del futuro del estudio.<\/p>\n<p data-start=\"1086\" data-end=\"1230\">La musicalizaci\u00f3n del tr\u00e1iler incluye <em data-start=\"1124\" data-end=\"1135\">\u201cCall Me\u201d<\/em> de Blondie, reforzando el esp\u00edritu punk, fresco y decidido de esta nueva versi\u00f3n de Supergirl.<\/p>\n<p data-start=\"1232\" data-end=\"1413\">\ud83d\udcc5 <strong data-start=\"1235\" data-end=\"1258\">Estreno confirmado:<\/strong> 26 de junio de 2026.<br data-start=\"1279\" data-end=\"1282\" \/>La pel\u00edcula est\u00e1 dirigida por Craig Gillespie y promete convertirse en uno de los lanzamientos m\u00e1s fuertes del a\u00f1o para DC Studios.<\/p>\n<p><iframe loading=\"lazy\" width=\"560\" height=\"315\" src=\"https:\/\/www.youtube.com\/embed\/p2i1h9wQGnw?si=vergk2-jH95XaVG4\" title=\"YouTube video player\" frameborder=\"0\" allow=\"accelerometer; autoplay; clipboard-write; encrypted-media; gyroscope; picture-in-picture; web-share\" referrerpolicy=\"strict-origin-when-cross-origin\" allowfullscreen><\/iframe><\/p>\n","protected":false},"excerpt":{"rendered":"<p>DC Studios lanz\u00f3 el tr\u00e1iler oficial de Supergirl, la esperad\u00edsima pel\u00edcula protagonizada por Milly Alcock, que presenta una versi\u00f3n totalmente renovada de Kara Zor-El. La historia muestra a una hero\u00edna con un costado m\u00e1s crudo, imperfecto y emocionalmente complejo, marcando un cambio fuerte respecto de las adaptaciones anteriores. El adelanto revela un tono c\u00f3smico cargado [&hellip;]<\/p>\n","protected":false},"author":24,"featured_media":105659,"comment_status":"closed","ping_status":"closed","sticky":false,"template":"","format":"standard","meta":{"_seopress_robots_primary_cat":"none","_seopress_titles_title":"","_seopress_titles_desc":"","_seopress_robots_index":"","footnotes":""},"categories":[3],"tags":[22601,40875],"class_list":{"0":"post-105656","1":"post","2":"type-post","3":"status-publish","4":"format-standard","5":"has-post-thumbnail","7":"category-cine-y-series","8":"tag-supergirl","9":"tag-trailer-oficial-de-supergirl"},"_links":{"self":[{"href":"https:\/\/www.cordobatimes.com\/showup\/wp-json\/wp\/v2\/posts\/105656","targetHints":{"allow":["GET"]}}],"collection":[{"href":"https:\/\/www.cordobatimes.com\/showup\/wp-json\/wp\/v2\/posts"}],"about":[{"href":"https:\/\/www.cordobatimes.com\/showup\/wp-json\/wp\/v2\/types\/post"}],"author":[{"embeddable":true,"href":"https:\/\/www.cordobatimes.com\/showup\/wp-json\/wp\/v2\/users\/24"}],"replies":[{"embeddable":true,"href":"https:\/\/www.cordobatimes.com\/showup\/wp-json\/wp\/v2\/comments?post=105656"}],"version-history":[{"count":0,"href":"https:\/\/www.cordobatimes.com\/showup\/wp-json\/wp\/v2\/posts\/105656\/revisions"}],"wp:featuredmedia":[{"embeddable":true,"href":"https:\/\/www.cordobatimes.com\/showup\/wp-json\/wp\/v2\/media\/105659"}],"wp:attachment":[{"href":"https:\/\/www.cordobatimes.com\/showup\/wp-json\/wp\/v2\/media?parent=105656"}],"wp:term":[{"taxonomy":"category","embeddable":true,"href":"https:\/\/www.cordobatimes.com\/showup\/wp-json\/wp\/v2\/categories?post=105656"},{"taxonomy":"post_tag","embeddable":true,"href":"https:\/\/www.cordobatimes.com\/showup\/wp-json\/wp\/v2\/tags?post=105656"}],"curies":[{"name":"wp","href":"https:\/\/api.w.org\/{rel}","templated":true}]}}