{"id":105594,"date":"2025-12-10T12:30:46","date_gmt":"2025-12-10T15:30:46","guid":{"rendered":"https:\/\/www.cordobatimes.com\/showup\/?p=105594"},"modified":"2025-12-10T12:30:47","modified_gmt":"2025-12-10T15:30:47","slug":"se-lanzo-el-primer-trailer-de-the-drama-la-nueva-pelicula-de-zendaya-y-robert-pattinson","status":"publish","type":"post","link":"https:\/\/www.cordobatimes.com\/showup\/cine-y-series\/2025\/12\/10\/se-lanzo-el-primer-trailer-de-the-drama-la-nueva-pelicula-de-zendaya-y-robert-pattinson\/","title":{"rendered":"Se lanz\u00f3 el primer tr\u00e1iler de The Drama, la nueva pel\u00edcula de Zendaya y Robert Pattinson"},"content":{"rendered":"<h3 data-start=\"291\" data-end=\"601\"><strong>El esperado primer tr\u00e1iler de <em data-start=\"321\" data-end=\"332\">The Drama<\/em>, la nueva producci\u00f3n de A24, finalmente sali\u00f3 a la luz y ya est\u00e1 generando un enorme revuelo en la industria. La pel\u00edcula marca la primera colaboraci\u00f3n cinematogr\u00e1fica entre Zendaya y Robert Pattinson, dos de las figuras m\u00e1s influyentes y taquilleras de Hollywood.<\/strong><\/h3>\n<h3 data-start=\"603\" data-end=\"651\"><strong>Una historia de amor\u2026 al borde del caos<\/strong><\/h3>\n<p data-start=\"652\" data-end=\"1099\">En el adelanto, los actores interpretan a <strong data-start=\"694\" data-end=\"798\">una pareja comprometida que se enfrenta a una serie de conflictos emocionales justo antes de su boda<\/strong>. Lo que en principio parece una historia rom\u00e1ntica cl\u00e1sica comienza a transformarse en un retrato ca\u00f3tico, tenso y por momentos inc\u00f3modo, fiel al estilo del director y guionista <strong data-start=\"977\" data-end=\"998\">Kristoffer Borgli<\/strong>, quien vuelve a apostar por narrativas provocadoras y situaciones que mezclan humor negro con drama.<\/p>\n<p data-start=\"1101\" data-end=\"1320\">El tr\u00e1iler muestra discusiones, dudas, silencios inc\u00f3modos y una qu\u00edmica intensa entre Zendaya y Pattinson, quienes encarnan a una pareja al l\u00edmite, atrapada entre el amor, la presi\u00f3n social y sus propias inseguridades.<\/p>\n<h3 data-start=\"1322\" data-end=\"1349\">\u00a0<strong>Un elenco poderoso<\/strong><\/h3>\n<p data-start=\"1350\" data-end=\"1424\">Adem\u00e1s de sus protagonistas, la pel\u00edcula cuenta con la participaci\u00f3n de:<\/p>\n<ul data-start=\"1425\" data-end=\"1485\">\n<li data-start=\"1425\" data-end=\"1443\">\n<p data-start=\"1427\" data-end=\"1443\"><strong data-start=\"1427\" data-end=\"1441\">Alana Haim<\/strong><\/p>\n<\/li>\n<li data-start=\"1444\" data-end=\"1466\">\n<p data-start=\"1446\" data-end=\"1466\"><strong data-start=\"1446\" data-end=\"1464\">Mamoudou Athie<\/strong><\/p>\n<\/li>\n<li data-start=\"1467\" data-end=\"1485\">\n<p data-start=\"1469\" data-end=\"1485\"><strong data-start=\"1469\" data-end=\"1485\">Hailey Gates<\/strong><\/p>\n<\/li>\n<\/ul>\n<p data-start=\"1487\" data-end=\"1611\">Todos bajo el sello distintivo de A24, conocida por apostar a historias arriesgadas, estilizadas y emocionalmente complejas.<\/p>\n<h3 data-start=\"1613\" data-end=\"1640\">\u00a0<strong>Estreno confirmado<\/strong><\/h3>\n<p data-start=\"1641\" data-end=\"1963\"><em data-start=\"1641\" data-end=\"1652\">The Drama<\/em> llegar\u00e1 a los cines el <strong data-start=\"1676\" data-end=\"1698\">3 de abril de 2026<\/strong>, posicion\u00e1ndose desde ya como una de las producciones m\u00e1s esperadas del a\u00f1o que viene. La combinaci\u00f3n de dos estrellas imponentes, un director de culto y un estudio que suele marcar tendencia convierten a esta pel\u00edcula en un estreno que promete acaparar titulares.<\/p>\n<div style=\"width: 696px;\" class=\"wp-video\"><video class=\"wp-video-shortcode\" id=\"video-105594-1\" width=\"696\" height=\"392\" preload=\"metadata\" controls=\"controls\"><source type=\"video\/mp4\" src=\"http:\/\/www.cordobatimes.com\/showup\/wp-content\/uploads\/2025\/12\/ssstwitter.com_1765379144183.mp4?_=1\" \/><a href=\"http:\/\/www.cordobatimes.com\/showup\/wp-content\/uploads\/2025\/12\/ssstwitter.com_1765379144183.mp4\">http:\/\/www.cordobatimes.com\/showup\/wp-content\/uploads\/2025\/12\/ssstwitter.com_1765379144183.mp4<\/a><\/video><\/div>\n","protected":false},"excerpt":{"rendered":"<p>El esperado primer tr\u00e1iler de The Drama, la nueva producci\u00f3n de A24, finalmente sali\u00f3 a la luz y ya est\u00e1 generando un enorme revuelo en la industria. La pel\u00edcula marca la primera colaboraci\u00f3n cinematogr\u00e1fica entre Zendaya y Robert Pattinson, dos de las figuras m\u00e1s influyentes y taquilleras de Hollywood. Una historia de amor\u2026 al borde [&hellip;]<\/p>\n","protected":false},"author":24,"featured_media":105597,"comment_status":"closed","ping_status":"closed","sticky":false,"template":"","format":"standard","meta":{"_seopress_robots_primary_cat":"none","_seopress_titles_title":"","_seopress_titles_desc":"","_seopress_robots_index":"","footnotes":""},"categories":[3],"tags":[40849,40847,40848,40850],"class_list":{"0":"post-105594","1":"post","2":"type-post","3":"status-publish","4":"format-standard","5":"has-post-thumbnail","7":"category-cine-y-series","8":"tag-pelicula-de-zendaya-y-robert-pattinson","9":"tag-primer-trailer-de-the-drama","10":"tag-trailer-de-the-drama","11":"tag-zendaya-y-robert-pattinson"},"_links":{"self":[{"href":"https:\/\/www.cordobatimes.com\/showup\/wp-json\/wp\/v2\/posts\/105594","targetHints":{"allow":["GET"]}}],"collection":[{"href":"https:\/\/www.cordobatimes.com\/showup\/wp-json\/wp\/v2\/posts"}],"about":[{"href":"https:\/\/www.cordobatimes.com\/showup\/wp-json\/wp\/v2\/types\/post"}],"author":[{"embeddable":true,"href":"https:\/\/www.cordobatimes.com\/showup\/wp-json\/wp\/v2\/users\/24"}],"replies":[{"embeddable":true,"href":"https:\/\/www.cordobatimes.com\/showup\/wp-json\/wp\/v2\/comments?post=105594"}],"version-history":[{"count":0,"href":"https:\/\/www.cordobatimes.com\/showup\/wp-json\/wp\/v2\/posts\/105594\/revisions"}],"wp:featuredmedia":[{"embeddable":true,"href":"https:\/\/www.cordobatimes.com\/showup\/wp-json\/wp\/v2\/media\/105597"}],"wp:attachment":[{"href":"https:\/\/www.cordobatimes.com\/showup\/wp-json\/wp\/v2\/media?parent=105594"}],"wp:term":[{"taxonomy":"category","embeddable":true,"href":"https:\/\/www.cordobatimes.com\/showup\/wp-json\/wp\/v2\/categories?post=105594"},{"taxonomy":"post_tag","embeddable":true,"href":"https:\/\/www.cordobatimes.com\/showup\/wp-json\/wp\/v2\/tags?post=105594"}],"curies":[{"name":"wp","href":"https:\/\/api.w.org\/{rel}","templated":true}]}}