{"id":105487,"date":"2025-12-08T17:59:04","date_gmt":"2025-12-08T20:59:04","guid":{"rendered":"https:\/\/www.cordobatimes.com\/showup\/?p=105487"},"modified":"2025-12-08T17:59:05","modified_gmt":"2025-12-08T20:59:05","slug":"nicolas-cabre-y-rocio-pardo-se-casaron-en-un-bosque-cordobes-asi-fue-su-boda-magica","status":"publish","type":"post","link":"https:\/\/www.cordobatimes.com\/showup\/famosos\/2025\/12\/08\/nicolas-cabre-y-rocio-pardo-se-casaron-en-un-bosque-cordobes-asi-fue-su-boda-magica\/","title":{"rendered":"Nicol\u00e1s Cabr\u00e9 y Roc\u00edo Pardo se casaron en un bosque cordob\u00e9s: as\u00ed fue su boda m\u00e1gica"},"content":{"rendered":"<h3 data-start=\"278\" data-end=\"680\"><strong>Nicol\u00e1s Cabr\u00e9 y Roc\u00edo Pardo sellaron su amor en una ceremonia que parece sacada de un cuento. La pareja dio el \u201cs\u00ed\u201d el s\u00e1bado 6 de diciembre en Estancia Bosque Alegre, un espacio natural rodeado de arboledas, lagunas y senderos ubicado cerca de Villa Carlos Paz, C\u00f3rdoba. El escenario fue clave para crear una est\u00e9tica de \u201cbosque encantado\u201d, la tem\u00e1tica elegida por los novios para su gran d\u00eda.<\/strong><\/h3>\n<p data-start=\"682\" data-end=\"964\">La ambientaci\u00f3n destac\u00f3 por su romanticismo y simpleza elegante: luces c\u00e1lidas colgando entre los \u00e1rboles, flores en tonos neutros, detalles en madera y una propuesta totalmente integrada al entorno natural. El objetivo era que todo se sintiera \u00edntimo, m\u00e1gico y org\u00e1nico, y as\u00ed fue.<\/p>\n<p data-start=\"966\" data-end=\"1264\">Uno de los momentos m\u00e1s emotivos lo protagoniz\u00f3 <strong data-start=\"1014\" data-end=\"1024\">Rufina<\/strong>, la hija de Cabr\u00e9, quien tuvo un rol central en la ceremonia y acompa\u00f1\u00f3 a su pap\u00e1 con enorme ternura. La familia comparti\u00f3 varios de esos instantes en redes sociales, donde ambos describieron el d\u00eda como \u201cm\u00e1gico\u201d y lleno de agradecimiento.<\/p>\n<p data-start=\"1266\" data-end=\"1634\">La boda fue de estilo \u00edntimo, con familiares y amigos cercanos. Durante la celebraci\u00f3n, se vieron distintas postales que reflejaron la personalidad de la pareja: espontaneidad, diversi\u00f3n y un fuerte v\u00ednculo con la naturaleza. Incluso hubo gui\u00f1os l\u00fadicos en la fiesta, con cotill\u00f3n inspirado en duendes y elementos fant\u00e1sticos que reforzaron la idea de cuento de hadas.<\/p>\n<p data-start=\"1636\" data-end=\"1864\">Con esta celebraci\u00f3n en plena sinton\u00eda con el entorno y la esencia de ambos, Cabr\u00e9 y Pardo dieron inicio a una nueva etapa, marcada por la calidez familiar y un estilo que prioriza lo emocional por encima del brillo tradicional.<\/p>\n<p data-start=\"1636\" data-end=\"1864\"><img alt=\"\" loading=\"lazy\" decoding=\"async\" class=\"alignnone wp-image-105491 size-full\" src=\"http:\/\/www.cordobatimes.com\/showup\/wp-content\/uploads\/2025\/12\/WhatsApp-Image-2025-12-08-at-2.54.50-PM-1.jpeg\" alt=\"\" width=\"1599\" height=\"1066\" srcset=\"https:\/\/www.cordobatimes.com\/showup\/wp-content\/uploads\/2025\/12\/WhatsApp-Image-2025-12-08-at-2.54.50-PM-1.jpeg 1599w, https:\/\/www.cordobatimes.com\/showup\/wp-content\/uploads\/2025\/12\/WhatsApp-Image-2025-12-08-at-2.54.50-PM-1-630x420.jpeg 630w, https:\/\/www.cordobatimes.com\/showup\/wp-content\/uploads\/2025\/12\/WhatsApp-Image-2025-12-08-at-2.54.50-PM-1-1024x683.jpeg 1024w, https:\/\/www.cordobatimes.com\/showup\/wp-content\/uploads\/2025\/12\/WhatsApp-Image-2025-12-08-at-2.54.50-PM-1-768x512.jpeg 768w, https:\/\/www.cordobatimes.com\/showup\/wp-content\/uploads\/2025\/12\/WhatsApp-Image-2025-12-08-at-2.54.50-PM-1-1536x1024.jpeg 1536w, https:\/\/www.cordobatimes.com\/showup\/wp-content\/uploads\/2025\/12\/WhatsApp-Image-2025-12-08-at-2.54.50-PM-1-150x100.jpeg 150w, https:\/\/www.cordobatimes.com\/showup\/wp-content\/uploads\/2025\/12\/WhatsApp-Image-2025-12-08-at-2.54.50-PM-1-300x200.jpeg 300w, https:\/\/www.cordobatimes.com\/showup\/wp-content\/uploads\/2025\/12\/WhatsApp-Image-2025-12-08-at-2.54.50-PM-1-696x464.jpeg 696w, https:\/\/www.cordobatimes.com\/showup\/wp-content\/uploads\/2025\/12\/WhatsApp-Image-2025-12-08-at-2.54.50-PM-1-1068x712.jpeg 1068w\" sizes=\"auto, (max-width: 1599px) 100vw, 1599px\" \/> <img alt=\"\" loading=\"lazy\" decoding=\"async\" class=\"alignnone wp-image-105492 size-full\" src=\"http:\/\/www.cordobatimes.com\/showup\/wp-content\/uploads\/2025\/12\/WhatsApp-Image-2025-12-08-at-2.54.50-PM.jpeg\" alt=\"\" width=\"1066\" height=\"1599\" srcset=\"https:\/\/www.cordobatimes.com\/showup\/wp-content\/uploads\/2025\/12\/WhatsApp-Image-2025-12-08-at-2.54.50-PM.jpeg 1066w, https:\/\/www.cordobatimes.com\/showup\/wp-content\/uploads\/2025\/12\/WhatsApp-Image-2025-12-08-at-2.54.50-PM-280x420.jpeg 280w, https:\/\/www.cordobatimes.com\/showup\/wp-content\/uploads\/2025\/12\/WhatsApp-Image-2025-12-08-at-2.54.50-PM-683x1024.jpeg 683w, https:\/\/www.cordobatimes.com\/showup\/wp-content\/uploads\/2025\/12\/WhatsApp-Image-2025-12-08-at-2.54.50-PM-768x1152.jpeg 768w, https:\/\/www.cordobatimes.com\/showup\/wp-content\/uploads\/2025\/12\/WhatsApp-Image-2025-12-08-at-2.54.50-PM-1024x1536.jpeg 1024w, https:\/\/www.cordobatimes.com\/showup\/wp-content\/uploads\/2025\/12\/WhatsApp-Image-2025-12-08-at-2.54.50-PM-150x225.jpeg 150w, https:\/\/www.cordobatimes.com\/showup\/wp-content\/uploads\/2025\/12\/WhatsApp-Image-2025-12-08-at-2.54.50-PM-300x450.jpeg 300w, https:\/\/www.cordobatimes.com\/showup\/wp-content\/uploads\/2025\/12\/WhatsApp-Image-2025-12-08-at-2.54.50-PM-696x1044.jpeg 696w\" sizes=\"auto, (max-width: 1066px) 100vw, 1066px\" \/> <img alt=\"\" loading=\"lazy\" decoding=\"async\" class=\"alignnone size-medium wp-image-105493\" src=\"http:\/\/www.cordobatimes.com\/showup\/wp-content\/uploads\/2025\/12\/WhatsApp-Image-2025-12-08-at-2.54.49-PM-1-630x420.jpeg\" alt=\"\" width=\"630\" height=\"420\" srcset=\"https:\/\/www.cordobatimes.com\/showup\/wp-content\/uploads\/2025\/12\/WhatsApp-Image-2025-12-08-at-2.54.49-PM-1-630x420.jpeg 630w, https:\/\/www.cordobatimes.com\/showup\/wp-content\/uploads\/2025\/12\/WhatsApp-Image-2025-12-08-at-2.54.49-PM-1-1024x683.jpeg 1024w, https:\/\/www.cordobatimes.com\/showup\/wp-content\/uploads\/2025\/12\/WhatsApp-Image-2025-12-08-at-2.54.49-PM-1-768x512.jpeg 768w, https:\/\/www.cordobatimes.com\/showup\/wp-content\/uploads\/2025\/12\/WhatsApp-Image-2025-12-08-at-2.54.49-PM-1-1536x1024.jpeg 1536w, https:\/\/www.cordobatimes.com\/showup\/wp-content\/uploads\/2025\/12\/WhatsApp-Image-2025-12-08-at-2.54.49-PM-1-150x100.jpeg 150w, https:\/\/www.cordobatimes.com\/showup\/wp-content\/uploads\/2025\/12\/WhatsApp-Image-2025-12-08-at-2.54.49-PM-1-300x200.jpeg 300w, https:\/\/www.cordobatimes.com\/showup\/wp-content\/uploads\/2025\/12\/WhatsApp-Image-2025-12-08-at-2.54.49-PM-1-696x464.jpeg 696w, https:\/\/www.cordobatimes.com\/showup\/wp-content\/uploads\/2025\/12\/WhatsApp-Image-2025-12-08-at-2.54.49-PM-1-1068x712.jpeg 1068w, https:\/\/www.cordobatimes.com\/showup\/wp-content\/uploads\/2025\/12\/WhatsApp-Image-2025-12-08-at-2.54.49-PM-1.jpeg 1599w\" sizes=\"auto, (max-width: 630px) 100vw, 630px\" \/> <img alt=\"\" loading=\"lazy\" decoding=\"async\" class=\"alignnone wp-image-105494 size-full\" src=\"http:\/\/www.cordobatimes.com\/showup\/wp-content\/uploads\/2025\/12\/WhatsApp-Image-2025-12-08-at-2.54.49-PM.jpeg\" alt=\"\" width=\"1066\" height=\"1599\" srcset=\"https:\/\/www.cordobatimes.com\/showup\/wp-content\/uploads\/2025\/12\/WhatsApp-Image-2025-12-08-at-2.54.49-PM.jpeg 1066w, https:\/\/www.cordobatimes.com\/showup\/wp-content\/uploads\/2025\/12\/WhatsApp-Image-2025-12-08-at-2.54.49-PM-280x420.jpeg 280w, https:\/\/www.cordobatimes.com\/showup\/wp-content\/uploads\/2025\/12\/WhatsApp-Image-2025-12-08-at-2.54.49-PM-683x1024.jpeg 683w, https:\/\/www.cordobatimes.com\/showup\/wp-content\/uploads\/2025\/12\/WhatsApp-Image-2025-12-08-at-2.54.49-PM-768x1152.jpeg 768w, https:\/\/www.cordobatimes.com\/showup\/wp-content\/uploads\/2025\/12\/WhatsApp-Image-2025-12-08-at-2.54.49-PM-1024x1536.jpeg 1024w, https:\/\/www.cordobatimes.com\/showup\/wp-content\/uploads\/2025\/12\/WhatsApp-Image-2025-12-08-at-2.54.49-PM-150x225.jpeg 150w, https:\/\/www.cordobatimes.com\/showup\/wp-content\/uploads\/2025\/12\/WhatsApp-Image-2025-12-08-at-2.54.49-PM-300x450.jpeg 300w, https:\/\/www.cordobatimes.com\/showup\/wp-content\/uploads\/2025\/12\/WhatsApp-Image-2025-12-08-at-2.54.49-PM-696x1044.jpeg 696w\" sizes=\"auto, (max-width: 1066px) 100vw, 1066px\" \/> <img alt=\"\" loading=\"lazy\" decoding=\"async\" class=\"alignnone wp-image-105495 size-full\" src=\"http:\/\/www.cordobatimes.com\/showup\/wp-content\/uploads\/2025\/12\/WhatsApp-Image-2025-12-08-at-2.54.48-PM-2.jpeg\" alt=\"\" width=\"1066\" height=\"1599\" srcset=\"https:\/\/www.cordobatimes.com\/showup\/wp-content\/uploads\/2025\/12\/WhatsApp-Image-2025-12-08-at-2.54.48-PM-2.jpeg 1066w, https:\/\/www.cordobatimes.com\/showup\/wp-content\/uploads\/2025\/12\/WhatsApp-Image-2025-12-08-at-2.54.48-PM-2-280x420.jpeg 280w, https:\/\/www.cordobatimes.com\/showup\/wp-content\/uploads\/2025\/12\/WhatsApp-Image-2025-12-08-at-2.54.48-PM-2-683x1024.jpeg 683w, https:\/\/www.cordobatimes.com\/showup\/wp-content\/uploads\/2025\/12\/WhatsApp-Image-2025-12-08-at-2.54.48-PM-2-768x1152.jpeg 768w, https:\/\/www.cordobatimes.com\/showup\/wp-content\/uploads\/2025\/12\/WhatsApp-Image-2025-12-08-at-2.54.48-PM-2-1024x1536.jpeg 1024w, https:\/\/www.cordobatimes.com\/showup\/wp-content\/uploads\/2025\/12\/WhatsApp-Image-2025-12-08-at-2.54.48-PM-2-150x225.jpeg 150w, https:\/\/www.cordobatimes.com\/showup\/wp-content\/uploads\/2025\/12\/WhatsApp-Image-2025-12-08-at-2.54.48-PM-2-300x450.jpeg 300w, https:\/\/www.cordobatimes.com\/showup\/wp-content\/uploads\/2025\/12\/WhatsApp-Image-2025-12-08-at-2.54.48-PM-2-696x1044.jpeg 696w\" sizes=\"auto, (max-width: 1066px) 100vw, 1066px\" \/> <img alt=\"\" loading=\"lazy\" decoding=\"async\" class=\"alignnone size-medium wp-image-105496\" src=\"http:\/\/www.cordobatimes.com\/showup\/wp-content\/uploads\/2025\/12\/WhatsApp-Image-2025-12-08-at-2.54.48-PM-630x420.jpeg\" alt=\"\" width=\"630\" height=\"420\" srcset=\"https:\/\/www.cordobatimes.com\/showup\/wp-content\/uploads\/2025\/12\/WhatsApp-Image-2025-12-08-at-2.54.48-PM-630x420.jpeg 630w, https:\/\/www.cordobatimes.com\/showup\/wp-content\/uploads\/2025\/12\/WhatsApp-Image-2025-12-08-at-2.54.48-PM-1024x683.jpeg 1024w, https:\/\/www.cordobatimes.com\/showup\/wp-content\/uploads\/2025\/12\/WhatsApp-Image-2025-12-08-at-2.54.48-PM-768x512.jpeg 768w, https:\/\/www.cordobatimes.com\/showup\/wp-content\/uploads\/2025\/12\/WhatsApp-Image-2025-12-08-at-2.54.48-PM-1536x1024.jpeg 1536w, https:\/\/www.cordobatimes.com\/showup\/wp-content\/uploads\/2025\/12\/WhatsApp-Image-2025-12-08-at-2.54.48-PM-150x100.jpeg 150w, https:\/\/www.cordobatimes.com\/showup\/wp-content\/uploads\/2025\/12\/WhatsApp-Image-2025-12-08-at-2.54.48-PM-300x200.jpeg 300w, https:\/\/www.cordobatimes.com\/showup\/wp-content\/uploads\/2025\/12\/WhatsApp-Image-2025-12-08-at-2.54.48-PM-696x464.jpeg 696w, https:\/\/www.cordobatimes.com\/showup\/wp-content\/uploads\/2025\/12\/WhatsApp-Image-2025-12-08-at-2.54.48-PM-1068x712.jpeg 1068w, https:\/\/www.cordobatimes.com\/showup\/wp-content\/uploads\/2025\/12\/WhatsApp-Image-2025-12-08-at-2.54.48-PM.jpeg 1599w\" sizes=\"auto, (max-width: 630px) 100vw, 630px\" \/> <img alt=\"\" loading=\"lazy\" decoding=\"async\" class=\"alignnone size-medium wp-image-105497\" src=\"http:\/\/www.cordobatimes.com\/showup\/wp-content\/uploads\/2025\/12\/WhatsApp-Image-2025-12-08-at-2.54.47-PM-1-630x420.jpeg\" alt=\"\" width=\"630\" height=\"420\" srcset=\"https:\/\/www.cordobatimes.com\/showup\/wp-content\/uploads\/2025\/12\/WhatsApp-Image-2025-12-08-at-2.54.47-PM-1-630x420.jpeg 630w, https:\/\/www.cordobatimes.com\/showup\/wp-content\/uploads\/2025\/12\/WhatsApp-Image-2025-12-08-at-2.54.47-PM-1-1024x683.jpeg 1024w, https:\/\/www.cordobatimes.com\/showup\/wp-content\/uploads\/2025\/12\/WhatsApp-Image-2025-12-08-at-2.54.47-PM-1-768x512.jpeg 768w, https:\/\/www.cordobatimes.com\/showup\/wp-content\/uploads\/2025\/12\/WhatsApp-Image-2025-12-08-at-2.54.47-PM-1-1536x1024.jpeg 1536w, https:\/\/www.cordobatimes.com\/showup\/wp-content\/uploads\/2025\/12\/WhatsApp-Image-2025-12-08-at-2.54.47-PM-1-150x100.jpeg 150w, https:\/\/www.cordobatimes.com\/showup\/wp-content\/uploads\/2025\/12\/WhatsApp-Image-2025-12-08-at-2.54.47-PM-1-300x200.jpeg 300w, https:\/\/www.cordobatimes.com\/showup\/wp-content\/uploads\/2025\/12\/WhatsApp-Image-2025-12-08-at-2.54.47-PM-1-696x464.jpeg 696w, https:\/\/www.cordobatimes.com\/showup\/wp-content\/uploads\/2025\/12\/WhatsApp-Image-2025-12-08-at-2.54.47-PM-1-1068x712.jpeg 1068w, https:\/\/www.cordobatimes.com\/showup\/wp-content\/uploads\/2025\/12\/WhatsApp-Image-2025-12-08-at-2.54.47-PM-1.jpeg 1599w\" sizes=\"auto, (max-width: 630px) 100vw, 630px\" \/> <img alt=\"\" loading=\"lazy\" decoding=\"async\" class=\"alignnone size-medium wp-image-105498\" src=\"http:\/\/www.cordobatimes.com\/showup\/wp-content\/uploads\/2025\/12\/WhatsApp-Image-2025-12-08-at-2.54.47-PM-630x420.jpeg\" alt=\"\" width=\"630\" height=\"420\" srcset=\"https:\/\/www.cordobatimes.com\/showup\/wp-content\/uploads\/2025\/12\/WhatsApp-Image-2025-12-08-at-2.54.47-PM-630x420.jpeg 630w, https:\/\/www.cordobatimes.com\/showup\/wp-content\/uploads\/2025\/12\/WhatsApp-Image-2025-12-08-at-2.54.47-PM-1024x683.jpeg 1024w, https:\/\/www.cordobatimes.com\/showup\/wp-content\/uploads\/2025\/12\/WhatsApp-Image-2025-12-08-at-2.54.47-PM-768x512.jpeg 768w, https:\/\/www.cordobatimes.com\/showup\/wp-content\/uploads\/2025\/12\/WhatsApp-Image-2025-12-08-at-2.54.47-PM-1536x1024.jpeg 1536w, https:\/\/www.cordobatimes.com\/showup\/wp-content\/uploads\/2025\/12\/WhatsApp-Image-2025-12-08-at-2.54.47-PM-150x100.jpeg 150w, https:\/\/www.cordobatimes.com\/showup\/wp-content\/uploads\/2025\/12\/WhatsApp-Image-2025-12-08-at-2.54.47-PM-300x200.jpeg 300w, https:\/\/www.cordobatimes.com\/showup\/wp-content\/uploads\/2025\/12\/WhatsApp-Image-2025-12-08-at-2.54.47-PM-696x464.jpeg 696w, https:\/\/www.cordobatimes.com\/showup\/wp-content\/uploads\/2025\/12\/WhatsApp-Image-2025-12-08-at-2.54.47-PM-1068x712.jpeg 1068w, https:\/\/www.cordobatimes.com\/showup\/wp-content\/uploads\/2025\/12\/WhatsApp-Image-2025-12-08-at-2.54.47-PM.jpeg 1599w\" sizes=\"auto, (max-width: 630px) 100vw, 630px\" \/> <img alt=\"\" loading=\"lazy\" decoding=\"async\" class=\"alignnone wp-image-105499 size-full\" src=\"http:\/\/www.cordobatimes.com\/showup\/wp-content\/uploads\/2025\/12\/WhatsApp-Image-2025-12-08-at-2.54.45-PM-2.jpeg\" alt=\"\" width=\"1066\" height=\"1599\" srcset=\"https:\/\/www.cordobatimes.com\/showup\/wp-content\/uploads\/2025\/12\/WhatsApp-Image-2025-12-08-at-2.54.45-PM-2.jpeg 1066w, https:\/\/www.cordobatimes.com\/showup\/wp-content\/uploads\/2025\/12\/WhatsApp-Image-2025-12-08-at-2.54.45-PM-2-280x420.jpeg 280w, https:\/\/www.cordobatimes.com\/showup\/wp-content\/uploads\/2025\/12\/WhatsApp-Image-2025-12-08-at-2.54.45-PM-2-683x1024.jpeg 683w, https:\/\/www.cordobatimes.com\/showup\/wp-content\/uploads\/2025\/12\/WhatsApp-Image-2025-12-08-at-2.54.45-PM-2-768x1152.jpeg 768w, https:\/\/www.cordobatimes.com\/showup\/wp-content\/uploads\/2025\/12\/WhatsApp-Image-2025-12-08-at-2.54.45-PM-2-1024x1536.jpeg 1024w, https:\/\/www.cordobatimes.com\/showup\/wp-content\/uploads\/2025\/12\/WhatsApp-Image-2025-12-08-at-2.54.45-PM-2-150x225.jpeg 150w, https:\/\/www.cordobatimes.com\/showup\/wp-content\/uploads\/2025\/12\/WhatsApp-Image-2025-12-08-at-2.54.45-PM-2-300x450.jpeg 300w, https:\/\/www.cordobatimes.com\/showup\/wp-content\/uploads\/2025\/12\/WhatsApp-Image-2025-12-08-at-2.54.45-PM-2-696x1044.jpeg 696w\" sizes=\"auto, (max-width: 1066px) 100vw, 1066px\" \/> <img alt=\"\" loading=\"lazy\" decoding=\"async\" class=\"alignnone wp-image-105500 size-full\" src=\"http:\/\/www.cordobatimes.com\/showup\/wp-content\/uploads\/2025\/12\/WhatsApp-Image-2025-12-08-at-2.54.45-PM-1.jpeg\" alt=\"\" width=\"1080\" height=\"1350\" srcset=\"https:\/\/www.cordobatimes.com\/showup\/wp-content\/uploads\/2025\/12\/WhatsApp-Image-2025-12-08-at-2.54.45-PM-1.jpeg 1080w, https:\/\/www.cordobatimes.com\/showup\/wp-content\/uploads\/2025\/12\/WhatsApp-Image-2025-12-08-at-2.54.45-PM-1-336x420.jpeg 336w, https:\/\/www.cordobatimes.com\/showup\/wp-content\/uploads\/2025\/12\/WhatsApp-Image-2025-12-08-at-2.54.45-PM-1-819x1024.jpeg 819w, https:\/\/www.cordobatimes.com\/showup\/wp-content\/uploads\/2025\/12\/WhatsApp-Image-2025-12-08-at-2.54.45-PM-1-768x960.jpeg 768w, https:\/\/www.cordobatimes.com\/showup\/wp-content\/uploads\/2025\/12\/WhatsApp-Image-2025-12-08-at-2.54.45-PM-1-150x188.jpeg 150w, https:\/\/www.cordobatimes.com\/showup\/wp-content\/uploads\/2025\/12\/WhatsApp-Image-2025-12-08-at-2.54.45-PM-1-300x375.jpeg 300w, https:\/\/www.cordobatimes.com\/showup\/wp-content\/uploads\/2025\/12\/WhatsApp-Image-2025-12-08-at-2.54.45-PM-1-696x870.jpeg 696w, https:\/\/www.cordobatimes.com\/showup\/wp-content\/uploads\/2025\/12\/WhatsApp-Image-2025-12-08-at-2.54.45-PM-1-1068x1335.jpeg 1068w\" sizes=\"auto, (max-width: 1080px) 100vw, 1080px\" \/><img alt=\"\" loading=\"lazy\" decoding=\"async\" class=\"alignnone size-medium wp-image-105501\" src=\"http:\/\/www.cordobatimes.com\/showup\/wp-content\/uploads\/2025\/12\/WhatsApp-Image-2025-12-08-at-2.54.45-PM-630x420.jpeg\" alt=\"\" width=\"630\" height=\"420\" srcset=\"https:\/\/www.cordobatimes.com\/showup\/wp-content\/uploads\/2025\/12\/WhatsApp-Image-2025-12-08-at-2.54.45-PM-630x420.jpeg 630w, https:\/\/www.cordobatimes.com\/showup\/wp-content\/uploads\/2025\/12\/WhatsApp-Image-2025-12-08-at-2.54.45-PM-1024x683.jpeg 1024w, https:\/\/www.cordobatimes.com\/showup\/wp-content\/uploads\/2025\/12\/WhatsApp-Image-2025-12-08-at-2.54.45-PM-768x512.jpeg 768w, https:\/\/www.cordobatimes.com\/showup\/wp-content\/uploads\/2025\/12\/WhatsApp-Image-2025-12-08-at-2.54.45-PM-1536x1024.jpeg 1536w, https:\/\/www.cordobatimes.com\/showup\/wp-content\/uploads\/2025\/12\/WhatsApp-Image-2025-12-08-at-2.54.45-PM-150x100.jpeg 150w, https:\/\/www.cordobatimes.com\/showup\/wp-content\/uploads\/2025\/12\/WhatsApp-Image-2025-12-08-at-2.54.45-PM-300x200.jpeg 300w, https:\/\/www.cordobatimes.com\/showup\/wp-content\/uploads\/2025\/12\/WhatsApp-Image-2025-12-08-at-2.54.45-PM-696x464.jpeg 696w, https:\/\/www.cordobatimes.com\/showup\/wp-content\/uploads\/2025\/12\/WhatsApp-Image-2025-12-08-at-2.54.45-PM-1068x712.jpeg 1068w, https:\/\/www.cordobatimes.com\/showup\/wp-content\/uploads\/2025\/12\/WhatsApp-Image-2025-12-08-at-2.54.45-PM.jpeg 1599w\" sizes=\"auto, (max-width: 630px) 100vw, 630px\" \/> <img alt=\"\" loading=\"lazy\" decoding=\"async\" class=\"alignnone size-medium wp-image-105502\" src=\"http:\/\/www.cordobatimes.com\/showup\/wp-content\/uploads\/2025\/12\/WhatsApp-Image-2025-12-08-at-2.54.44-PM-630x420.jpeg\" alt=\"\" width=\"630\" height=\"420\" srcset=\"https:\/\/www.cordobatimes.com\/showup\/wp-content\/uploads\/2025\/12\/WhatsApp-Image-2025-12-08-at-2.54.44-PM-630x420.jpeg 630w, https:\/\/www.cordobatimes.com\/showup\/wp-content\/uploads\/2025\/12\/WhatsApp-Image-2025-12-08-at-2.54.44-PM-1024x683.jpeg 1024w, https:\/\/www.cordobatimes.com\/showup\/wp-content\/uploads\/2025\/12\/WhatsApp-Image-2025-12-08-at-2.54.44-PM-768x512.jpeg 768w, https:\/\/www.cordobatimes.com\/showup\/wp-content\/uploads\/2025\/12\/WhatsApp-Image-2025-12-08-at-2.54.44-PM-1536x1024.jpeg 1536w, https:\/\/www.cordobatimes.com\/showup\/wp-content\/uploads\/2025\/12\/WhatsApp-Image-2025-12-08-at-2.54.44-PM-150x100.jpeg 150w, https:\/\/www.cordobatimes.com\/showup\/wp-content\/uploads\/2025\/12\/WhatsApp-Image-2025-12-08-at-2.54.44-PM-300x200.jpeg 300w, https:\/\/www.cordobatimes.com\/showup\/wp-content\/uploads\/2025\/12\/WhatsApp-Image-2025-12-08-at-2.54.44-PM-696x464.jpeg 696w, https:\/\/www.cordobatimes.com\/showup\/wp-content\/uploads\/2025\/12\/WhatsApp-Image-2025-12-08-at-2.54.44-PM-1068x712.jpeg 1068w, https:\/\/www.cordobatimes.com\/showup\/wp-content\/uploads\/2025\/12\/WhatsApp-Image-2025-12-08-at-2.54.44-PM.jpeg 1599w\" sizes=\"auto, (max-width: 630px) 100vw, 630px\" \/><\/p>\n","protected":false},"excerpt":{"rendered":"<p>Nicol\u00e1s Cabr\u00e9 y Roc\u00edo Pardo sellaron su amor en una ceremonia que parece sacada de un cuento. La pareja dio el \u201cs\u00ed\u201d el s\u00e1bado 6 de diciembre en Estancia Bosque Alegre, un espacio natural rodeado de arboledas, lagunas y senderos ubicado cerca de Villa Carlos Paz, C\u00f3rdoba. El escenario fue clave para crear una est\u00e9tica [&hellip;]<\/p>\n","protected":false},"author":24,"featured_media":105490,"comment_status":"closed","ping_status":"closed","sticky":false,"template":"","format":"standard","meta":{"_seopress_robots_primary_cat":"none","_seopress_titles_title":"","_seopress_titles_desc":"","_seopress_robots_index":"","footnotes":""},"categories":[4],"tags":[40725,40724,40818],"class_list":{"0":"post-105487","1":"post","2":"type-post","3":"status-publish","4":"format-standard","5":"has-post-thumbnail","7":"category-famosos","8":"tag-casamiento-de-nicolas-cabre-y-rocio-pardo","9":"tag-nicolas-cabre-y-rocio-pardo","10":"tag-nicolas-cabre-y-rocio-pardo-se-casaron"},"_links":{"self":[{"href":"https:\/\/www.cordobatimes.com\/showup\/wp-json\/wp\/v2\/posts\/105487","targetHints":{"allow":["GET"]}}],"collection":[{"href":"https:\/\/www.cordobatimes.com\/showup\/wp-json\/wp\/v2\/posts"}],"about":[{"href":"https:\/\/www.cordobatimes.com\/showup\/wp-json\/wp\/v2\/types\/post"}],"author":[{"embeddable":true,"href":"https:\/\/www.cordobatimes.com\/showup\/wp-json\/wp\/v2\/users\/24"}],"replies":[{"embeddable":true,"href":"https:\/\/www.cordobatimes.com\/showup\/wp-json\/wp\/v2\/comments?post=105487"}],"version-history":[{"count":0,"href":"https:\/\/www.cordobatimes.com\/showup\/wp-json\/wp\/v2\/posts\/105487\/revisions"}],"wp:featuredmedia":[{"embeddable":true,"href":"https:\/\/www.cordobatimes.com\/showup\/wp-json\/wp\/v2\/media\/105490"}],"wp:attachment":[{"href":"https:\/\/www.cordobatimes.com\/showup\/wp-json\/wp\/v2\/media?parent=105487"}],"wp:term":[{"taxonomy":"category","embeddable":true,"href":"https:\/\/www.cordobatimes.com\/showup\/wp-json\/wp\/v2\/categories?post=105487"},{"taxonomy":"post_tag","embeddable":true,"href":"https:\/\/www.cordobatimes.com\/showup\/wp-json\/wp\/v2\/tags?post=105487"}],"curies":[{"name":"wp","href":"https:\/\/api.w.org\/{rel}","templated":true}]}}