{"id":105425,"date":"2025-12-07T09:58:23","date_gmt":"2025-12-07T12:58:23","guid":{"rendered":"https:\/\/www.cordobatimes.com\/showup\/?p=105425"},"modified":"2025-12-07T09:58:24","modified_gmt":"2025-12-07T12:58:24","slug":"trailer-oficial-de-la-ultima-temporada-de-the-boys-fecha-confirmada-y-primeros-detalles","status":"publish","type":"post","link":"https:\/\/www.cordobatimes.com\/showup\/cine-y-series\/2025\/12\/07\/trailer-oficial-de-la-ultima-temporada-de-the-boys-fecha-confirmada-y-primeros-detalles\/","title":{"rendered":"Tr\u00e1iler oficial de la \u00faltima temporada de The Boys: fecha confirmada y primeros detalles"},"content":{"rendered":"<h3 data-start=\"233\" data-end=\"553\"><strong>The Boys se despide. Amazon Prime Video lanz\u00f3 el tr\u00e1iler oficial de la quinta y \u00faltima temporada, y el adelanto ya encendi\u00f3 a los fans con un tono m\u00e1s oscuro, violento y ca\u00f3tico que nunca. La serie, que se convirti\u00f3 en una de las producciones m\u00e1s exitosas y pol\u00e9micas de los \u00faltimos a\u00f1os, prepara su cierre definitivo.<\/strong><\/h3>\n<p data-start=\"555\" data-end=\"855\">La temporada final de <em data-start=\"577\" data-end=\"587\">The Boys<\/em> se estrenar\u00e1 el <strong data-start=\"604\" data-end=\"626\">8 de abril de 2026<\/strong>, con un lanzamiento doble: los dos primeros episodios estar\u00e1n disponibles desde ese d\u00eda y, a partir de ah\u00ed, la plataforma continuar\u00e1 con estrenos semanales hasta llegar al episodio final, previsto para el <strong data-start=\"832\" data-end=\"854\">20 de mayo de 2026<\/strong>.<\/p>\n<p data-start=\"857\" data-end=\"1192\">En el tr\u00e1iler puede verse a un Homelander m\u00e1s desatado y peligroso, consolidando un clima de dictadura medi\u00e1tica y pol\u00edtica, mientras que Butcher y el resto del equipo aparecen divididos, heridos y m\u00e1s desesperados que nunca por detenerlo antes de que sea demasiado tarde. La guerra total entre humanos y superh\u00e9roes parece inevitable.<\/p>\n<p data-start=\"1194\" data-end=\"1409\">Adem\u00e1s, el adelanto revela nuevos personajes, regresos inesperados y un nivel de producci\u00f3n que apuesta por un final explosivo, con escenas que dejan en claro que la serie no piensa guardarse nada para su despedida.<\/p>\n<p data-start=\"1411\" data-end=\"1666\">Con una mezcla de s\u00e1tira pol\u00edtica, humor negro y acci\u00f3n extrema, <em data-start=\"1476\" data-end=\"1486\">The Boys<\/em> promete cerrar su historia de la forma que siempre caracteriz\u00f3 a la serie: sin filtros, sin l\u00edmites y con un mensaje contundente sobre el poder, los medios y la idolatr\u00eda moderna.<\/p>\n<div style=\"width: 696px;\" class=\"wp-video\"><video class=\"wp-video-shortcode\" id=\"video-105425-1\" width=\"696\" height=\"392\" preload=\"metadata\" controls=\"controls\"><source type=\"video\/mp4\" src=\"http:\/\/www.cordobatimes.com\/showup\/wp-content\/uploads\/2025\/12\/ssstwitter.com_1765111914289.mp4?_=1\" \/><a href=\"http:\/\/www.cordobatimes.com\/showup\/wp-content\/uploads\/2025\/12\/ssstwitter.com_1765111914289.mp4\">http:\/\/www.cordobatimes.com\/showup\/wp-content\/uploads\/2025\/12\/ssstwitter.com_1765111914289.mp4<\/a><\/video><\/div>\n","protected":false},"excerpt":{"rendered":"<p>The Boys se despide. Amazon Prime Video lanz\u00f3 el tr\u00e1iler oficial de la quinta y \u00faltima temporada, y el adelanto ya encendi\u00f3 a los fans con un tono m\u00e1s oscuro, violento y ca\u00f3tico que nunca. La serie, que se convirti\u00f3 en una de las producciones m\u00e1s exitosas y pol\u00e9micas de los \u00faltimos a\u00f1os, prepara su [&hellip;]<\/p>\n","protected":false},"author":24,"featured_media":105428,"comment_status":"closed","ping_status":"closed","sticky":false,"template":"","format":"standard","meta":{"_seopress_robots_primary_cat":"none","_seopress_titles_title":"","_seopress_titles_desc":"","_seopress_robots_index":"","footnotes":""},"categories":[3],"tags":[40796,40797],"class_list":{"0":"post-105425","1":"post","2":"type-post","3":"status-publish","4":"format-standard","5":"has-post-thumbnail","7":"category-cine-y-series","8":"tag-trailer-oficial-de-la-ultima-temporada-de-the-boys","9":"tag-ultima-temporada-de-the-boys"},"_links":{"self":[{"href":"https:\/\/www.cordobatimes.com\/showup\/wp-json\/wp\/v2\/posts\/105425","targetHints":{"allow":["GET"]}}],"collection":[{"href":"https:\/\/www.cordobatimes.com\/showup\/wp-json\/wp\/v2\/posts"}],"about":[{"href":"https:\/\/www.cordobatimes.com\/showup\/wp-json\/wp\/v2\/types\/post"}],"author":[{"embeddable":true,"href":"https:\/\/www.cordobatimes.com\/showup\/wp-json\/wp\/v2\/users\/24"}],"replies":[{"embeddable":true,"href":"https:\/\/www.cordobatimes.com\/showup\/wp-json\/wp\/v2\/comments?post=105425"}],"version-history":[{"count":0,"href":"https:\/\/www.cordobatimes.com\/showup\/wp-json\/wp\/v2\/posts\/105425\/revisions"}],"wp:featuredmedia":[{"embeddable":true,"href":"https:\/\/www.cordobatimes.com\/showup\/wp-json\/wp\/v2\/media\/105428"}],"wp:attachment":[{"href":"https:\/\/www.cordobatimes.com\/showup\/wp-json\/wp\/v2\/media?parent=105425"}],"wp:term":[{"taxonomy":"category","embeddable":true,"href":"https:\/\/www.cordobatimes.com\/showup\/wp-json\/wp\/v2\/categories?post=105425"},{"taxonomy":"post_tag","embeddable":true,"href":"https:\/\/www.cordobatimes.com\/showup\/wp-json\/wp\/v2\/tags?post=105425"}],"curies":[{"name":"wp","href":"https:\/\/api.w.org\/{rel}","templated":true}]}}