{"id":105419,"date":"2025-12-07T09:12:16","date_gmt":"2025-12-07T12:12:16","guid":{"rendered":"https:\/\/www.cordobatimes.com\/showup\/?p=105419"},"modified":"2025-12-07T09:12:16","modified_gmt":"2025-12-07T12:12:16","slug":"natalia-oreiro-volvio-a-cantar-y-sorprendio-al-subir-al-escenario-con-lali","status":"publish","type":"post","link":"https:\/\/www.cordobatimes.com\/showup\/musica\/2025\/12\/07\/natalia-oreiro-volvio-a-cantar-y-sorprendio-al-subir-al-escenario-con-lali\/","title":{"rendered":"Natalia Oreiro volvi\u00f3 a cantar y sorprendi\u00f3 al subir al escenario con Lali"},"content":{"rendered":"<h3 data-start=\"245\" data-end=\"462\"><strong>Despu\u00e9s de varios a\u00f1os sin presentarse en vivo como cantante, Natalia Oreiro regres\u00f3 a los escenarios y lo hizo de la manera m\u00e1s emotiva posible: acompa\u00f1ando a Lali, quien volvi\u00f3 a agotar funciones en Uruguay.<\/strong><\/h3>\n<p data-start=\"464\" data-end=\"751\">La artista argentina sorprendi\u00f3 al p\u00fablico invitando a Oreiro a interpretar juntas <strong data-start=\"547\" data-end=\"566\">\u201cSolamente Vos\u201d<\/strong>, la recordada canci\u00f3n que ambas marcaron en distintas etapas de sus carreras. La ovaci\u00f3n fue inmediata y el cruce generacional se volvi\u00f3 uno de los momentos m\u00e1s comentados de la noche.<\/p>\n<p data-start=\"753\" data-end=\"1251\">Durante mucho tiempo, en el mundo del espect\u00e1culo se hablaba de Lali como la \u201csucesora natural\u201d de Natalia, quien en su momento fue una figura dominante de las telenovelas y uno de los rostros m\u00e1s populares de la televisi\u00f3n en Argentina y Uruguay. Hoy, con la ficci\u00f3n nacional en pausa dentro de la TV abierta, ambas se mantienen como referentes desde otros espacios: Lali consolidada en la m\u00fasica pop y Oreiro enfocada en el cine, donde cosecha elogios y m\u00faltiples reconocimientos internacionales.<\/p>\n<p data-start=\"1253\" data-end=\"1479\">El reencuentro en el escenario no solo gener\u00f3 nostalgia, sino tambi\u00e9n un fuerte simbolismo. Fue una celebraci\u00f3n del talento de ambas, un puente entre generaciones y una muestra de afecto mutuo que emocion\u00f3 al p\u00fablico uruguayo.<\/p>\n<div style=\"width: 480px;\" class=\"wp-video\"><video class=\"wp-video-shortcode\" id=\"video-105419-1\" width=\"480\" height=\"852\" preload=\"metadata\" controls=\"controls\"><source type=\"video\/mp4\" src=\"http:\/\/www.cordobatimes.com\/showup\/wp-content\/uploads\/2025\/12\/ssstwitter.com_1765108675502.mp4?_=1\" \/><a href=\"http:\/\/www.cordobatimes.com\/showup\/wp-content\/uploads\/2025\/12\/ssstwitter.com_1765108675502.mp4\">http:\/\/www.cordobatimes.com\/showup\/wp-content\/uploads\/2025\/12\/ssstwitter.com_1765108675502.mp4<\/a><\/video><\/div>\n","protected":false},"excerpt":{"rendered":"<p>Despu\u00e9s de varios a\u00f1os sin presentarse en vivo como cantante, Natalia Oreiro regres\u00f3 a los escenarios y lo hizo de la manera m\u00e1s emotiva posible: acompa\u00f1ando a Lali, quien volvi\u00f3 a agotar funciones en Uruguay. La artista argentina sorprendi\u00f3 al p\u00fablico invitando a Oreiro a interpretar juntas \u201cSolamente Vos\u201d, la recordada canci\u00f3n que ambas marcaron [&hellip;]<\/p>\n","protected":false},"author":24,"featured_media":105422,"comment_status":"closed","ping_status":"closed","sticky":false,"template":"","format":"standard","meta":{"_seopress_robots_primary_cat":"none","_seopress_titles_title":"","_seopress_titles_desc":"","_seopress_robots_index":"","footnotes":""},"categories":[5],"tags":[1377,40794,1249,40795],"class_list":{"0":"post-105419","1":"post","2":"type-post","3":"status-publish","4":"format-standard","5":"has-post-thumbnail","7":"category-musica","8":"tag-lali","9":"tag-lali-natalia-oreiro","10":"tag-natalia-oreiro","11":"tag-natalia-oreiro-lali-show-uruguay"},"_links":{"self":[{"href":"https:\/\/www.cordobatimes.com\/showup\/wp-json\/wp\/v2\/posts\/105419","targetHints":{"allow":["GET"]}}],"collection":[{"href":"https:\/\/www.cordobatimes.com\/showup\/wp-json\/wp\/v2\/posts"}],"about":[{"href":"https:\/\/www.cordobatimes.com\/showup\/wp-json\/wp\/v2\/types\/post"}],"author":[{"embeddable":true,"href":"https:\/\/www.cordobatimes.com\/showup\/wp-json\/wp\/v2\/users\/24"}],"replies":[{"embeddable":true,"href":"https:\/\/www.cordobatimes.com\/showup\/wp-json\/wp\/v2\/comments?post=105419"}],"version-history":[{"count":0,"href":"https:\/\/www.cordobatimes.com\/showup\/wp-json\/wp\/v2\/posts\/105419\/revisions"}],"wp:featuredmedia":[{"embeddable":true,"href":"https:\/\/www.cordobatimes.com\/showup\/wp-json\/wp\/v2\/media\/105422"}],"wp:attachment":[{"href":"https:\/\/www.cordobatimes.com\/showup\/wp-json\/wp\/v2\/media?parent=105419"}],"wp:term":[{"taxonomy":"category","embeddable":true,"href":"https:\/\/www.cordobatimes.com\/showup\/wp-json\/wp\/v2\/categories?post=105419"},{"taxonomy":"post_tag","embeddable":true,"href":"https:\/\/www.cordobatimes.com\/showup\/wp-json\/wp\/v2\/tags?post=105419"}],"curies":[{"name":"wp","href":"https:\/\/api.w.org\/{rel}","templated":true}]}}