{"id":105384,"date":"2025-12-06T18:31:56","date_gmt":"2025-12-06T21:31:56","guid":{"rendered":"https:\/\/www.cordobatimes.com\/showup\/?p=105384"},"modified":"2025-12-06T18:31:56","modified_gmt":"2025-12-06T21:31:56","slug":"impactante-peter-lanzani-se-transforma-en-luca-prodan-y-el-parecido-es-brutal","status":"publish","type":"post","link":"https:\/\/www.cordobatimes.com\/showup\/cine-y-series\/2025\/12\/06\/impactante-peter-lanzani-se-transforma-en-luca-prodan-y-el-parecido-es-brutal\/","title":{"rendered":"Impactante: Peter Lanzani se transforma en Luca Prodan y el parecido es brutal"},"content":{"rendered":"<h3 data-start=\"169\" data-end=\"460\"><strong>Peter Lanzani volvi\u00f3 a sacudir al mundo del cine argentino: inici\u00f3 su transformaci\u00f3n para interpretar a Luca Prodan y las primeras im\u00e1genes filtradas generaron una revoluci\u00f3n total en redes. El parecido f\u00edsico es tan sorprendente que muchos fans no pod\u00edan creer que se trataba del actor.<\/strong><\/h3>\n<p data-start=\"462\" data-end=\"818\">El proyecto, que ya est\u00e1 en marcha, no apunta a ser una biopic convencional. La pel\u00edcula recorrer\u00e1 distintos momentos clave de la vida del l\u00edder de Sumo, desde su etapa en Europa hasta su llegada a la Argentina, mostrando tanto su costado art\u00edstico como sus luchas personales, su sensibilidad y la rebeld\u00eda que lo convirtieron en un mito del rock nacional.<\/p>\n<p data-start=\"820\" data-end=\"1072\">Lanzani no solo encarna al m\u00fasico: tambi\u00e9n participa activamente en el desarrollo creativo del film, aportando ideas y trabajando en la construcci\u00f3n de un relato que mantenga viva la esencia de Prodan, pero que a la vez conecte con nuevas generaciones.<\/p>\n<p data-start=\"1074\" data-end=\"1350\">Aunque a\u00fan no hay fecha de estreno, la expectativa es enorme. Luca Prodan es una figura irrepetible, una leyenda cuya historia sigue atrapando fans de todas las edades. Y con las primeras im\u00e1genes de Lanzani ya circulando, el inter\u00e9s por la pel\u00edcula creci\u00f3 de forma inmediata.<\/p>\n<p data-start=\"1352\" data-end=\"1536\">Todo indica que este ser\u00e1 uno de los proyectos m\u00e1s potentes del cine argentino en los \u00faltimos a\u00f1os, y que la historia de Prodan volver\u00e1 a sonar fuerte\u2026 esta vez, en la pantalla grande.<\/p>\n<p data-start=\"1352\" data-end=\"1536\"><img alt=\"\" loading=\"lazy\" decoding=\"async\" class=\"alignnone wp-image-105388 size-full\" src=\"http:\/\/www.cordobatimes.com\/showup\/wp-content\/uploads\/2025\/12\/205642_3.jpg\" alt=\"\" width=\"515\" height=\"647\" srcset=\"https:\/\/www.cordobatimes.com\/showup\/wp-content\/uploads\/2025\/12\/205642_3.jpg 515w, https:\/\/www.cordobatimes.com\/showup\/wp-content\/uploads\/2025\/12\/205642_3-334x420.jpg 334w, https:\/\/www.cordobatimes.com\/showup\/wp-content\/uploads\/2025\/12\/205642_3-150x188.jpg 150w, https:\/\/www.cordobatimes.com\/showup\/wp-content\/uploads\/2025\/12\/205642_3-300x377.jpg 300w\" sizes=\"auto, (max-width: 515px) 100vw, 515px\" \/> <img alt=\"\" loading=\"lazy\" decoding=\"async\" class=\"alignnone wp-image-105389 size-full\" src=\"http:\/\/www.cordobatimes.com\/showup\/wp-content\/uploads\/2025\/12\/205643_3.jpg\" alt=\"\" width=\"515\" height=\"647\" srcset=\"https:\/\/www.cordobatimes.com\/showup\/wp-content\/uploads\/2025\/12\/205643_3.jpg 515w, https:\/\/www.cordobatimes.com\/showup\/wp-content\/uploads\/2025\/12\/205643_3-334x420.jpg 334w, https:\/\/www.cordobatimes.com\/showup\/wp-content\/uploads\/2025\/12\/205643_3-150x188.jpg 150w, https:\/\/www.cordobatimes.com\/showup\/wp-content\/uploads\/2025\/12\/205643_3-300x377.jpg 300w\" sizes=\"auto, (max-width: 515px) 100vw, 515px\" \/><\/p>\n","protected":false},"excerpt":{"rendered":"<p>Peter Lanzani volvi\u00f3 a sacudir al mundo del cine argentino: inici\u00f3 su transformaci\u00f3n para interpretar a Luca Prodan y las primeras im\u00e1genes filtradas generaron una revoluci\u00f3n total en redes. El parecido f\u00edsico es tan sorprendente que muchos fans no pod\u00edan creer que se trataba del actor. El proyecto, que ya est\u00e1 en marcha, no apunta [&hellip;]<\/p>\n","protected":false},"author":24,"featured_media":105387,"comment_status":"closed","ping_status":"closed","sticky":false,"template":"","format":"standard","meta":{"_seopress_robots_primary_cat":"none","_seopress_titles_title":"","_seopress_titles_desc":"","_seopress_robots_index":"","footnotes":""},"categories":[3],"tags":[40784,40783,40785,657,40782,40781],"class_list":{"0":"post-105384","1":"post","2":"type-post","3":"status-publish","4":"format-standard","5":"has-post-thumbnail","7":"category-cine-y-series","8":"tag-biopic-de-luca-prodan","9":"tag-luca-prodan","10":"tag-luca-prodan-lider-de-sumo","11":"tag-peter-lanzani","12":"tag-peter-lanzani-luca-prodan","13":"tag-peter-lanzani-se-transforma-en-luca-prodan"},"_links":{"self":[{"href":"https:\/\/www.cordobatimes.com\/showup\/wp-json\/wp\/v2\/posts\/105384","targetHints":{"allow":["GET"]}}],"collection":[{"href":"https:\/\/www.cordobatimes.com\/showup\/wp-json\/wp\/v2\/posts"}],"about":[{"href":"https:\/\/www.cordobatimes.com\/showup\/wp-json\/wp\/v2\/types\/post"}],"author":[{"embeddable":true,"href":"https:\/\/www.cordobatimes.com\/showup\/wp-json\/wp\/v2\/users\/24"}],"replies":[{"embeddable":true,"href":"https:\/\/www.cordobatimes.com\/showup\/wp-json\/wp\/v2\/comments?post=105384"}],"version-history":[{"count":0,"href":"https:\/\/www.cordobatimes.com\/showup\/wp-json\/wp\/v2\/posts\/105384\/revisions"}],"wp:featuredmedia":[{"embeddable":true,"href":"https:\/\/www.cordobatimes.com\/showup\/wp-json\/wp\/v2\/media\/105387"}],"wp:attachment":[{"href":"https:\/\/www.cordobatimes.com\/showup\/wp-json\/wp\/v2\/media?parent=105384"}],"wp:term":[{"taxonomy":"category","embeddable":true,"href":"https:\/\/www.cordobatimes.com\/showup\/wp-json\/wp\/v2\/categories?post=105384"},{"taxonomy":"post_tag","embeddable":true,"href":"https:\/\/www.cordobatimes.com\/showup\/wp-json\/wp\/v2\/tags?post=105384"}],"curies":[{"name":"wp","href":"https:\/\/api.w.org\/{rel}","templated":true}]}}