{"id":105373,"date":"2025-12-06T10:32:24","date_gmt":"2025-12-06T13:32:24","guid":{"rendered":"https:\/\/www.cordobatimes.com\/showup\/?p=105373"},"modified":"2025-12-06T10:32:24","modified_gmt":"2025-12-06T13:32:24","slug":"argentina-2026-explota-de-recitales-mas-de-40-shows-imperdibles-de-doja-cat-a-ac-dc-bad-bunny-tan-bionica-y-alejandro-sanz","status":"publish","type":"post","link":"https:\/\/www.cordobatimes.com\/showup\/agenda\/2025\/12\/06\/argentina-2026-explota-de-recitales-mas-de-40-shows-imperdibles-de-doja-cat-a-ac-dc-bad-bunny-tan-bionica-y-alejandro-sanz\/","title":{"rendered":"Argentina 2026 explota de recitales: m\u00e1s de 40 shows imperdibles, de Doja Cat a AC\/DC, Bad Bunny, Tan Bi\u00f3nica y Alejandro Sanz"},"content":{"rendered":"<h3><strong>El 2026 llega cargad\u00edsimo de m\u00fasica en vivo. Artistas internacionales, leyendas hist\u00f3ricas, bandas que se despiden, regresos so\u00f1ados y festivales gigantes transforman al pa\u00eds en una de las plazas m\u00e1s codiciadas de la regi\u00f3n. Con agendas que van de febrero a octubre y varias funciones agotadas antes de anunciarse, Argentina se prepara para un a\u00f1o r\u00e9cord en espect\u00e1culos.<\/strong><\/h3>\n<p data-start=\"820\" data-end=\"907\">A continuaci\u00f3n, el calendario m\u00e1s completo y actualizado para que nadie se pierda nada.<\/p>\n<h2 data-start=\"914\" data-end=\"945\"><strong data-start=\"917\" data-end=\"945\">FEBRERO: un mes que arde<\/strong><\/h2>\n<h3 data-start=\"947\" data-end=\"999\"><strong data-start=\"951\" data-end=\"997\">\ud83d\udccd 8 de febrero \u2014 Doja Cat, Movistar Arena<\/strong><\/h3>\n<p data-start=\"1000\" data-end=\"1269\">La multipremiada rapera y cantante llega por primera vez a la Argentina con su gira <em data-start=\"1084\" data-end=\"1092\">Ma Vie<\/em>. Con m\u00e1s de <strong data-start=\"1105\" data-end=\"1151\">36 mil millones de reproducciones globales<\/strong>, un Grammy y diez premios entre AMA y Billboard, Doja traer\u00e1 hits como \u201cSay So\u201d, \u201cStreets\u201d, \u201cKiss Me More\u201d y \u201cWoman\u201d.<\/p>\n<h3 data-start=\"1271\" data-end=\"1335\"><strong data-start=\"1275\" data-end=\"1333\">\ud83d\udccd 12 de febrero \u2014 Franz Ferdinand, Complejo Art Media<\/strong><\/h3>\n<p data-start=\"1336\" data-end=\"1512\">A menos de un a\u00f1o de su \u00faltima visita, la banda regresa con doble formato: show propio en Buenos Aires y participaci\u00f3n en el Cosqu\u00edn Rock cordob\u00e9s. Energ\u00eda brit\u00e1nica asegurada.<\/p>\n<h3 data-start=\"1514\" data-end=\"1582\"><strong data-start=\"1518\" data-end=\"1580\">\ud83d\udccd 13, 14 y 15 de febrero \u2014 Bad Bunny, Estadio River Plate<\/strong><\/h3>\n<p data-start=\"1583\" data-end=\"1753\">El artista urbano m\u00e1s influyente del planeta vuelve al Monumental con las canciones de su \u00faltimo disco, tras un a\u00f1o cargado de premios y nominaciones en los Latin Grammy.<\/p>\n<h3 data-start=\"1755\" data-end=\"1824\"><strong data-start=\"1759\" data-end=\"1822\">\ud83d\udccd 14 y 15 de febrero \u2014 Cosqu\u00edn Rock 2026, Valle de Punilla<\/strong><\/h3>\n<p data-start=\"1825\" data-end=\"2055\">Dos jornadas con m\u00e1s de <strong data-start=\"1849\" data-end=\"1872\">50 artistas por d\u00eda<\/strong>: Turf, Los Esp\u00edritus, Divididos, La Vela Puerca, Abel Pintos, Lali Esp\u00f3sito, Franz Ferdinand, Agarrate Catalina y m\u00e1s. Un line-up heterog\u00e9neo que mezcla rock, urbano, pop y folklore.<\/p>\n<h3 data-start=\"2057\" data-end=\"2112\"><strong data-start=\"2061\" data-end=\"2110\">\ud83d\udccd 19 de febrero \u2014 Nicki Nicole, Teatro Col\u00f3n<\/strong><\/h3>\n<p data-start=\"2113\" data-end=\"2264\">Despu\u00e9s de brillar con orquesta sinf\u00f3nica en Rosario, Nicki repite la experiencia en el escenario m\u00e1s emblem\u00e1tico del pa\u00eds. Un show conceptual y \u00fanico.<\/p>\n<h3 data-start=\"2266\" data-end=\"2332\"><strong data-start=\"2270\" data-end=\"2330\">\ud83d\udccd 21 y 22 de febrero \u2014 Ricardo Montaner, Movistar Arena<\/strong><\/h3>\n<p data-start=\"2333\" data-end=\"2432\">Regresa con su <em data-start=\"2348\" data-end=\"2369\">\u00daltimo Regreso Tour<\/em> luego de dos a\u00f1os sin giras. Una cita \u00edntima con sus cl\u00e1sicos.<\/p>\n<h3 data-start=\"2434\" data-end=\"2483\"><strong data-start=\"2438\" data-end=\"2481\">\ud83d\udccd 26 de febrero \u2014 Zaz, Teatro Gran Rex<\/strong><\/h3>\n<p data-start=\"2484\" data-end=\"2550\">La francesa vuelve a Buenos Aires a 15 a\u00f1os del boom de \u201cJe veux\u201d.<\/p>\n<h3 data-start=\"2552\" data-end=\"2608\"><strong data-start=\"2556\" data-end=\"2606\">\ud83d\udccd 27 de febrero \u2014 Jason Mraz, Teatro Gran Rex<\/strong><\/h3>\n<p data-start=\"2609\" data-end=\"2702\">Un d\u00eda despu\u00e9s de Zaz, llega Mraz con sus hits m\u00e1s recordados, incluido el himno \u201cI\u2019m Yours\u201d.<\/p>\n<h3 data-start=\"2704\" data-end=\"2769\"><strong data-start=\"2708\" data-end=\"2767\">\ud83d\udccd 27 de febrero \u2014 Andy Summers (The Police), ND Teatro<\/strong><\/h3>\n<p data-start=\"2770\" data-end=\"2867\">Presenta <em data-start=\"2779\" data-end=\"2796\">Call The Police<\/em>, proyecto con m\u00fasicos brasile\u00f1os que revive la obra de la banda \u00edcono.<\/p>\n<h2 data-start=\"2874\" data-end=\"2918\"><strong data-start=\"2877\" data-end=\"2918\">MARZO: superproducciones y festivales<\/strong><\/h2>\n<h3 data-start=\"2920\" data-end=\"2967\"><strong data-start=\"2924\" data-end=\"2965\">\ud83d\udccd 6, 7 y 8 de marzo \u2014 Alejandro Sanz<\/strong><\/h3>\n<ul data-start=\"2968\" data-end=\"3130\">\n<li data-start=\"2968\" data-end=\"3005\">\n<p data-start=\"2970\" data-end=\"3005\"><strong data-start=\"2970\" data-end=\"2989\">6 y 7 de marzo:<\/strong> Campo de Polo<\/p>\n<\/li>\n<li data-start=\"3006\" data-end=\"3130\">\n<p data-start=\"3008\" data-end=\"3130\"><strong data-start=\"3008\" data-end=\"3023\">8 de marzo:<\/strong> Estadio Kempes, C\u00f3rdoba<br data-start=\"3047\" data-end=\"3050\" \/>El espa\u00f1ol vuelve con sus cl\u00e1sicos y su material m\u00e1s reciente, <em data-start=\"3113\" data-end=\"3130\">\u00bfY Ahora Qu\u00e9 +?<\/em><\/p>\n<\/li>\n<\/ul>\n<h3 data-start=\"3132\" data-end=\"3187\"><strong data-start=\"3136\" data-end=\"3185\">\ud83d\udccd 11 de marzo \u2014 Gilberto Gil, Movistar Arena<\/strong><\/h3>\n<p data-start=\"3188\" data-end=\"3296\">Con 82 a\u00f1os, el brasile\u00f1o llega con su gira de despedida <em data-start=\"3245\" data-end=\"3256\">Tempo Rei<\/em>. \u00daltima oportunidad para verlo en vivo.<\/p>\n<h3 data-start=\"3298\" data-end=\"3358\"><strong data-start=\"3302\" data-end=\"3356\">\ud83d\udccd 13 de marzo \u2014 Chayanne, Estadio V\u00e9lez Sarsfield<\/strong><\/h3>\n<p data-start=\"3359\" data-end=\"3517\">Despu\u00e9s de agotar cinco funciones en el Movistar Arena (24 y 25 de febrero; 1, 4 y 7 de marzo), el puertorrique\u00f1o suma V\u00e9lez para su tour <em data-start=\"3497\" data-end=\"3516\">Bailemos otra vez<\/em>.<\/p>\n<h3 data-start=\"3519\" data-end=\"3599\"><strong data-start=\"3523\" data-end=\"3597\">\ud83d\udccd 13 al 15 de marzo \u2014 Lollapalooza Argentina, Hip\u00f3dromo de San Isidro<\/strong><\/h3>\n<p data-start=\"3600\" data-end=\"3719\">Line-up explosivo con Sabrina Carpenter, Lorde, Tyler, The Creator, Turnstile, Chappell Roan, Skrillex, Deftones y m\u00e1s.<\/p>\n<h3 data-start=\"3721\" data-end=\"3778\"><strong data-start=\"3725\" data-end=\"3776\">\ud83d\udccd 19 y 20 de marzo \u2014 Fito P\u00e1ez, Movistar Arena<\/strong><\/h3>\n<p data-start=\"3779\" data-end=\"3865\">El rosarino vuelve con dos funciones para recorrer los mayores cl\u00e1sicos de su carrera.<\/p>\n<h3 data-start=\"3867\" data-end=\"3950\"><strong data-start=\"3871\" data-end=\"3948\">\ud83d\udccd Desde el 21 de marzo \u2014 Soda Stereo ECOS, Movistar Arena (11 funciones)<\/strong><\/h3>\n<p data-start=\"3951\" data-end=\"4131\">M\u00e1s de <strong data-start=\"3958\" data-end=\"3986\">250.000 tickets vendidos<\/strong> en pocos d\u00edas. Zeta y Charly presentan un espect\u00e1culo tecnol\u00f3gico inmersivo que recrea un \u201creencuentro imposible\u201d. Uno de los fen\u00f3menos del a\u00f1o.<\/p>\n<h3 data-start=\"4133\" data-end=\"4195\"><strong data-start=\"4137\" data-end=\"4193\">\ud83d\udccd 23, 27 y 31 de marzo \u2014 AC\/DC, Estadio River Plate<\/strong><\/h3>\n<p data-start=\"4196\" data-end=\"4292\">Casi 17 a\u00f1os despu\u00e9s, la banda regresa con tres funciones que prometen un despliegue monumental.<\/p>\n<h3 data-start=\"4294\" data-end=\"4362\"><strong data-start=\"4298\" data-end=\"4360\">\ud83d\udccd 27 y 28 de marzo \u2014 Tan Bi\u00f3nica, Estadio V\u00e9lez Sarsfield<\/strong><\/h3>\n<p data-start=\"4363\" data-end=\"4479\">Tras la locura de \u201cla \u00faltima noche m\u00e1gica\u201d, el grupo vuelve con nuevo disco, <em data-start=\"4440\" data-end=\"4452\">El regreso<\/em>, y arranca ciclo de shows.<\/p>\n<h2 data-start=\"4486\" data-end=\"4534\"><strong data-start=\"4489\" data-end=\"4534\">ABRIL: rock, nostalgia y grandes regresos<\/strong><\/h2>\n<h3 data-start=\"4536\" data-end=\"4607\"><strong data-start=\"4540\" data-end=\"4605\">\ud83d\udccd 11 de abril \u2014 Public Image LTD (P.I.L), Complejo Art Media<\/strong><\/h3>\n<p data-start=\"4608\" data-end=\"4694\">John Lydon vuelve con su hist\u00f3rica banda post-punk para un show intenso y testimonial.<\/p>\n<h3 data-start=\"4696\" data-end=\"4746\"><strong data-start=\"4700\" data-end=\"4744\">\ud83d\udccd 16 de abril \u2014 Roxette, Movistar Arena<\/strong><\/h3>\n<p data-start=\"4747\" data-end=\"4869\">Per Gessle revive los himnos de la banda junto a Lena Philipsson en una gira que homenajea el legado de Marie Fredriksson.<\/p>\n<h3 data-start=\"4871\" data-end=\"4932\"><strong data-start=\"4875\" data-end=\"4930\">\ud83d\udccd 17 y 18 de abril \u2014 Jorge Drexler, Movistar Arena<\/strong><\/h3>\n<p data-start=\"4933\" data-end=\"4991\">El uruguayo vuelve con su repertorio m\u00e1s \u00edntimo y po\u00e9tico.<\/p>\n<h3 data-start=\"4993\" data-end=\"5052\"><strong data-start=\"4997\" data-end=\"5050\">\ud83d\udccd 18 de abril \u2014 Diego El Cigala, Teatro Gran Rex<\/strong><\/h3>\n<p data-start=\"5053\" data-end=\"5127\">Presenta <em data-start=\"5062\" data-end=\"5078\">Flamenco y Son<\/em>, un recorrido profundo por sus ra\u00edces musicales.<\/p>\n<h3 data-start=\"5129\" data-end=\"5198\"><strong data-start=\"5133\" data-end=\"5196\">\ud83d\udccd 25 de abril \u2014 No Te Va Gustar, Estadio Ferrocarril Oeste<\/strong><\/h3>\n<p data-start=\"5199\" data-end=\"5281\">La banda uruguaya vuelve a Buenos Aires con nuevo material y show a estadio lleno.<\/p>\n<h2 data-start=\"5288\" data-end=\"5338\"><strong data-start=\"5291\" data-end=\"5338\">MAYO: voces latinas y talento internacional<\/strong><\/h2>\n<h3 data-start=\"5340\" data-end=\"5425\"><strong data-start=\"5344\" data-end=\"5423\">\ud83d\udccd 1\u00b0 y hasta el 24 de mayo \u2014 Ricardo Arjona, Movistar Arena (12 funciones)<\/strong><\/h3>\n<p data-start=\"5426\" data-end=\"5522\">Cada visita supera su propio r\u00e9cord. La gira <em data-start=\"5471\" data-end=\"5495\">Lo que el seco no dijo<\/em> suma una docena de fechas.<\/p>\n<h3 data-start=\"5524\" data-end=\"5577\"><strong data-start=\"5528\" data-end=\"5575\">\ud83d\udccd 21 de mayo \u2014 Mon Laferte, Movistar Arena<\/strong><\/h3>\n<p data-start=\"5578\" data-end=\"5648\">Presenta su disco <em data-start=\"5596\" data-end=\"5610\">Femme Fatale<\/em>, mezcla de nuevas canciones y \u00e9xitos.<\/p>\n<h3 data-start=\"5650\" data-end=\"5711\"><strong data-start=\"5654\" data-end=\"5709\">\ud83d\udccd 29 de mayo \u2014 Natalia Lafourcade, Teatro Gran Rex<\/strong><\/h3>\n<p data-start=\"5712\" data-end=\"5784\">Llega con su exquisito proyecto <em data-start=\"5744\" data-end=\"5756\">Cancionera<\/em>, en formato guitarra y voz.<\/p>\n<h2 data-start=\"5791\" data-end=\"5828\"><strong data-start=\"5794\" data-end=\"5828\">OCTUBRE: despedidas hist\u00f3ricas<\/strong><\/h2>\n<h3 data-start=\"5830\" data-end=\"5914\"><strong data-start=\"5834\" data-end=\"5912\">\ud83d\udccd 5, 7 y 10 de octubre \u2014 Die Toten Hosen (Rosario, Tandil y Buenos Aires)<\/strong><\/h3>\n<p data-start=\"5915\" data-end=\"6028\">La banda alemana hace su \u00faltima gira por Argentina. El show final ser\u00e1 el <strong data-start=\"5989\" data-end=\"6027\">10 de octubre en el Movistar Arena<\/strong>.<\/p>\n<h2 data-start=\"6035\" data-end=\"6065\"><strong data-start=\"6038\" data-end=\"6065\">Un a\u00f1o para la historia<\/strong><\/h2>\n<p data-start=\"6066\" data-end=\"6351\">Entre primeras visitas, regresos esperados, despedidas y mega festivales, Argentina 2026 ya tiene confirmada una agenda tan diversa como masiva. Y todav\u00eda faltan nombres por anunciar. Lo \u00fanico claro es que el pa\u00eds vivir\u00e1 uno de los a\u00f1os m\u00e1s fuertes de la m\u00fasica en vivo de su historia.<\/p>\n","protected":false},"excerpt":{"rendered":"<p>El 2026 llega cargad\u00edsimo de m\u00fasica en vivo. Artistas internacionales, leyendas hist\u00f3ricas, bandas que se despiden, regresos so\u00f1ados y festivales gigantes transforman al pa\u00eds en una de las plazas m\u00e1s codiciadas de la regi\u00f3n. Con agendas que van de febrero a octubre y varias funciones agotadas antes de anunciarse, Argentina se prepara para un a\u00f1o [&hellip;]<\/p>\n","protected":false},"author":24,"featured_media":105376,"comment_status":"closed","ping_status":"closed","sticky":false,"template":"","format":"standard","meta":{"_seopress_robots_primary_cat":"none","_seopress_titles_title":"","_seopress_titles_desc":"","_seopress_robots_index":"","footnotes":""},"categories":[6,12967],"tags":[40778,40777],"class_list":{"0":"post-105373","1":"post","2":"type-post","3":"status-publish","4":"format-standard","5":"has-post-thumbnail","7":"category-agenda","8":"category-destacada","9":"tag-shows-argentina-2026","10":"tag-shows-en-argentina-en-2026"},"_links":{"self":[{"href":"https:\/\/www.cordobatimes.com\/showup\/wp-json\/wp\/v2\/posts\/105373","targetHints":{"allow":["GET"]}}],"collection":[{"href":"https:\/\/www.cordobatimes.com\/showup\/wp-json\/wp\/v2\/posts"}],"about":[{"href":"https:\/\/www.cordobatimes.com\/showup\/wp-json\/wp\/v2\/types\/post"}],"author":[{"embeddable":true,"href":"https:\/\/www.cordobatimes.com\/showup\/wp-json\/wp\/v2\/users\/24"}],"replies":[{"embeddable":true,"href":"https:\/\/www.cordobatimes.com\/showup\/wp-json\/wp\/v2\/comments?post=105373"}],"version-history":[{"count":0,"href":"https:\/\/www.cordobatimes.com\/showup\/wp-json\/wp\/v2\/posts\/105373\/revisions"}],"wp:featuredmedia":[{"embeddable":true,"href":"https:\/\/www.cordobatimes.com\/showup\/wp-json\/wp\/v2\/media\/105376"}],"wp:attachment":[{"href":"https:\/\/www.cordobatimes.com\/showup\/wp-json\/wp\/v2\/media?parent=105373"}],"wp:term":[{"taxonomy":"category","embeddable":true,"href":"https:\/\/www.cordobatimes.com\/showup\/wp-json\/wp\/v2\/categories?post=105373"},{"taxonomy":"post_tag","embeddable":true,"href":"https:\/\/www.cordobatimes.com\/showup\/wp-json\/wp\/v2\/tags?post=105373"}],"curies":[{"name":"wp","href":"https:\/\/api.w.org\/{rel}","templated":true}]}}