{"id":105276,"date":"2025-12-04T22:27:26","date_gmt":"2025-12-05T01:27:26","guid":{"rendered":"https:\/\/www.cordobatimes.com\/showup\/?p=105276"},"modified":"2025-12-04T22:27:26","modified_gmt":"2025-12-05T01:27:26","slug":"marcelo-polino-filoso-en-lam-no-tengo-relacion-con-lali-es-inexistente","status":"publish","type":"post","link":"https:\/\/www.cordobatimes.com\/showup\/tv\/2025\/12\/04\/marcelo-polino-filoso-en-lam-no-tengo-relacion-con-lali-es-inexistente\/","title":{"rendered":"Marcelo Polino, filoso en LAM: \u201cNo tengo relaci\u00f3n con Lali, es inexistente\u201d"},"content":{"rendered":"<h3><strong>Marcelo Polino estuvo como invitado en LAM y dej\u00f3 varios t\u00edtulos, pero uno de los que m\u00e1s repercusi\u00f3n gener\u00f3 fue su respuesta cuando le preguntaron por su v\u00ednculo con Lali Esp\u00f3sito.<\/strong><\/h3>\n<p data-start=\"396\" data-end=\"693\">Sin vueltas, el periodista asegur\u00f3 que entre ellos <strong data-start=\"447\" data-end=\"484\">no existe ning\u00fan tipo de relaci\u00f3n<\/strong>. \u201c<strong data-start=\"487\" data-end=\"533\">No tengo relaci\u00f3n con Lali, es inexistente<\/strong>\u201d, lanz\u00f3 en vivo. Polino cont\u00f3 que a lo largo de los a\u00f1os la invit\u00f3 varias veces a sus programas, pero que por diferentes motivos <strong data-start=\"663\" data-end=\"692\">\u201cella nunca pudo asistir\u201d<\/strong>.<\/p>\n<p data-start=\"695\" data-end=\"882\">Aun as\u00ed, remarc\u00f3 que no hubo enojo ni decepci\u00f3n de su parte:<br data-start=\"755\" data-end=\"758\" \/>\u201c<strong data-start=\"759\" data-end=\"819\">Yo nunca le pongo tanta expectativa a la gente del medio<\/strong>\u201d, explic\u00f3, dejando claro que no se lo tom\u00f3 como algo personal.<\/p>\n<p data-start=\"884\" data-end=\"1051\">Durante la entrevista, Polino tambi\u00e9n destac\u00f3 que <strong data-start=\"934\" data-end=\"963\">admira la carrera de Lali<\/strong> y que no tiene ning\u00fan conflicto con ella, simplemente no comparten v\u00ednculo ni contacto.<\/p>\n<div style=\"width: 640px;\" class=\"wp-video\"><video class=\"wp-video-shortcode\" id=\"video-105276-1\" width=\"640\" height=\"360\" preload=\"metadata\" controls=\"controls\"><source type=\"video\/mp4\" src=\"http:\/\/www.cordobatimes.com\/showup\/wp-content\/uploads\/2025\/12\/ssstwitter.com_1764897821540.mp4?_=1\" \/><a href=\"http:\/\/www.cordobatimes.com\/showup\/wp-content\/uploads\/2025\/12\/ssstwitter.com_1764897821540.mp4\">http:\/\/www.cordobatimes.com\/showup\/wp-content\/uploads\/2025\/12\/ssstwitter.com_1764897821540.mp4<\/a><\/video><\/div>\n","protected":false},"excerpt":{"rendered":"<p>Marcelo Polino estuvo como invitado en LAM y dej\u00f3 varios t\u00edtulos, pero uno de los que m\u00e1s repercusi\u00f3n gener\u00f3 fue su respuesta cuando le preguntaron por su v\u00ednculo con Lali Esp\u00f3sito. Sin vueltas, el periodista asegur\u00f3 que entre ellos no existe ning\u00fan tipo de relaci\u00f3n. \u201cNo tengo relaci\u00f3n con Lali, es inexistente\u201d, lanz\u00f3 en vivo. [&hellip;]<\/p>\n","protected":false},"author":24,"featured_media":105279,"comment_status":"closed","ping_status":"closed","sticky":false,"template":"","format":"standard","meta":{"_seopress_robots_primary_cat":"none","_seopress_titles_title":"","_seopress_titles_desc":"","_seopress_robots_index":"","footnotes":""},"categories":[2],"tags":[1377],"class_list":{"0":"post-105276","1":"post","2":"type-post","3":"status-publish","4":"format-standard","5":"has-post-thumbnail","7":"category-tv","8":"tag-lali"},"_links":{"self":[{"href":"https:\/\/www.cordobatimes.com\/showup\/wp-json\/wp\/v2\/posts\/105276","targetHints":{"allow":["GET"]}}],"collection":[{"href":"https:\/\/www.cordobatimes.com\/showup\/wp-json\/wp\/v2\/posts"}],"about":[{"href":"https:\/\/www.cordobatimes.com\/showup\/wp-json\/wp\/v2\/types\/post"}],"author":[{"embeddable":true,"href":"https:\/\/www.cordobatimes.com\/showup\/wp-json\/wp\/v2\/users\/24"}],"replies":[{"embeddable":true,"href":"https:\/\/www.cordobatimes.com\/showup\/wp-json\/wp\/v2\/comments?post=105276"}],"version-history":[{"count":0,"href":"https:\/\/www.cordobatimes.com\/showup\/wp-json\/wp\/v2\/posts\/105276\/revisions"}],"wp:featuredmedia":[{"embeddable":true,"href":"https:\/\/www.cordobatimes.com\/showup\/wp-json\/wp\/v2\/media\/105279"}],"wp:attachment":[{"href":"https:\/\/www.cordobatimes.com\/showup\/wp-json\/wp\/v2\/media?parent=105276"}],"wp:term":[{"taxonomy":"category","embeddable":true,"href":"https:\/\/www.cordobatimes.com\/showup\/wp-json\/wp\/v2\/categories?post=105276"},{"taxonomy":"post_tag","embeddable":true,"href":"https:\/\/www.cordobatimes.com\/showup\/wp-json\/wp\/v2\/tags?post=105276"}],"curies":[{"name":"wp","href":"https:\/\/api.w.org\/{rel}","templated":true}]}}