{"id":105270,"date":"2025-12-04T18:19:29","date_gmt":"2025-12-04T21:19:29","guid":{"rendered":"https:\/\/www.cordobatimes.com\/showup\/?p=105270"},"modified":"2025-12-04T18:19:30","modified_gmt":"2025-12-04T21:19:30","slug":"primer-adelanto-de-camp-rock-3-los-jonas-brothers-vuelven-al-campamento-mas-famoso-de-disney","status":"publish","type":"post","link":"https:\/\/www.cordobatimes.com\/showup\/cine-y-series\/2025\/12\/04\/primer-adelanto-de-camp-rock-3-los-jonas-brothers-vuelven-al-campamento-mas-famoso-de-disney\/","title":{"rendered":"Primer adelanto de \u201cCamp Rock 3\u201d: los Jonas Brothers vuelven al campamento m\u00e1s famoso de Disney"},"content":{"rendered":"<h3 data-start=\"215\" data-end=\"540\"><strong>Disney confirm\u00f3 oficialmente el regreso de una de sus franquicias juveniles m\u00e1s queridas: \u201cCamp Rock 3\u201d ya est\u00e1 en producci\u00f3n y su primer adelanto encendi\u00f3 la nostalgia de toda una generaci\u00f3n. La pel\u00edcula se estrenar\u00e1 en 2026 y promete mezclar el esp\u00edritu original con una renovaci\u00f3n total para nuevas audiencias.<\/strong><\/h3>\n<h3 data-start=\"542\" data-end=\"602\"><strong data-start=\"546\" data-end=\"602\">Los Jonas Brothers vuelven a sus personajes ic\u00f3nicos<\/strong><\/h3>\n<p data-start=\"604\" data-end=\"879\">El teaser confirm\u00f3 el regreso de <strong data-start=\"637\" data-end=\"664\">Nick, Joe y Kevin Jonas<\/strong>, quienes volver\u00e1n a interpretar a los integrantes de <strong data-start=\"718\" data-end=\"731\">Connect 3<\/strong>, el tr\u00edo musical que marc\u00f3 a los fans en las dos primeras pel\u00edculas. Esta ser\u00e1 la primera vez en m\u00e1s de 15 a\u00f1os que los hermanos retoman sus roles.<\/p>\n<p data-start=\"881\" data-end=\"1013\">Adem\u00e1s, los Jonas participan como <strong data-start=\"915\" data-end=\"941\">productores ejecutivos<\/strong>, mostrando un involucramiento directo en esta nueva etapa del proyecto.<\/p>\n<h3 data-start=\"1015\" data-end=\"1072\"><strong data-start=\"1019\" data-end=\"1072\">Demi Lovato tambi\u00e9n vuelve\u2026 pero detr\u00e1s de c\u00e1mara<\/strong><\/h3>\n<p data-start=\"1074\" data-end=\"1331\">Aunque su presencia frente a c\u00e1mara no est\u00e1 confirmada, Demi Lovato participa como <strong data-start=\"1157\" data-end=\"1181\">productora ejecutiva<\/strong>. La artista expres\u00f3 su entusiasmo por retomar un universo que fue clave en su carrera, mientras se trabaja en un enfoque m\u00e1s actual para la historia.<\/p>\n<h3 data-start=\"1333\" data-end=\"1388\"><strong data-start=\"1337\" data-end=\"1388\">La trama: nuevos talentos, competencia y m\u00fasica<\/strong><\/h3>\n<p data-start=\"1390\" data-end=\"1634\">En esta tercera entrega, <strong data-start=\"1415\" data-end=\"1448\">Connect 3 regresa a Camp Rock<\/strong> porque su gira de reuni\u00f3n se qued\u00f3 sin acto telonero. Para resolverlo, deciden volver al campamento que los vio nacer como artistas y buscar nuevas estrellas que compitan por el puesto.<\/p>\n<p data-start=\"1636\" data-end=\"1880\">La pel\u00edcula presentar\u00e1 a una nueva generaci\u00f3n de campers, con estilos y conflictos propios, mezclando drama juvenil, humor y mucha m\u00fasica. El tono buscar\u00e1 mantener la esencia original, pero con una est\u00e9tica m\u00e1s moderna y un enfoque m\u00e1s diverso.<\/p>\n<h3 data-start=\"1882\" data-end=\"1921\"><strong data-start=\"1886\" data-end=\"1921\">Un regreso cargado de nostalgia<\/strong><\/h3>\n<p data-start=\"1923\" data-end=\"2142\">El adelanto gener\u00f3 una ola de emoci\u00f3n entre los fans que crecieron cantando \u201cThis Is Me\u201d y \u201cPlay My Music\u201d. El proyecto apunta a equilibrar nostalgia con contenidos nuevos, potenciando tanto el recuerdo como la novedad.<\/p>\n<h3 data-start=\"2144\" data-end=\"2168\"><strong data-start=\"2148\" data-end=\"2168\">Estreno estimado<\/strong><\/h3>\n<p data-start=\"2170\" data-end=\"2339\">Aunque no hay fecha exacta, la pel\u00edcula est\u00e1 en pleno rodaje y su lanzamiento est\u00e1 previsto para <strong data-start=\"2267\" data-end=\"2275\">2026<\/strong>. Con los Jonas Brothers a la cabeza, el hype ya est\u00e1 instalado.<\/p>\n<div style=\"width: 696px;\" class=\"wp-video\"><video class=\"wp-video-shortcode\" id=\"video-105270-1\" width=\"696\" height=\"696\" preload=\"metadata\" controls=\"controls\"><source type=\"video\/mp4\" src=\"http:\/\/www.cordobatimes.com\/showup\/wp-content\/uploads\/2025\/12\/ssstwitter.com_1764882502993.mp4?_=1\" \/><a href=\"http:\/\/www.cordobatimes.com\/showup\/wp-content\/uploads\/2025\/12\/ssstwitter.com_1764882502993.mp4\">http:\/\/www.cordobatimes.com\/showup\/wp-content\/uploads\/2025\/12\/ssstwitter.com_1764882502993.mp4<\/a><\/video><\/div>\n","protected":false},"excerpt":{"rendered":"<p>Disney confirm\u00f3 oficialmente el regreso de una de sus franquicias juveniles m\u00e1s queridas: \u201cCamp Rock 3\u201d ya est\u00e1 en producci\u00f3n y su primer adelanto encendi\u00f3 la nostalgia de toda una generaci\u00f3n. La pel\u00edcula se estrenar\u00e1 en 2026 y promete mezclar el esp\u00edritu original con una renovaci\u00f3n total para nuevas audiencias. Los Jonas Brothers vuelven a [&hellip;]<\/p>\n","protected":false},"author":24,"featured_media":105274,"comment_status":"closed","ping_status":"closed","sticky":false,"template":"","format":"standard","meta":{"_seopress_robots_primary_cat":"none","_seopress_titles_title":"","_seopress_titles_desc":"","_seopress_robots_index":"","footnotes":""},"categories":[3],"tags":[40735,40737,40736,57,40738],"class_list":{"0":"post-105270","1":"post","2":"type-post","3":"status-publish","4":"format-standard","5":"has-post-thumbnail","7":"category-cine-y-series","8":"tag-camp-rock-3","9":"tag-camp-rock","10":"tag-connect-3-regresa-a-camp-rock","11":"tag-jonas-brothers","12":"tag-primer-adelanto-de-camp-rock-3"},"_links":{"self":[{"href":"https:\/\/www.cordobatimes.com\/showup\/wp-json\/wp\/v2\/posts\/105270","targetHints":{"allow":["GET"]}}],"collection":[{"href":"https:\/\/www.cordobatimes.com\/showup\/wp-json\/wp\/v2\/posts"}],"about":[{"href":"https:\/\/www.cordobatimes.com\/showup\/wp-json\/wp\/v2\/types\/post"}],"author":[{"embeddable":true,"href":"https:\/\/www.cordobatimes.com\/showup\/wp-json\/wp\/v2\/users\/24"}],"replies":[{"embeddable":true,"href":"https:\/\/www.cordobatimes.com\/showup\/wp-json\/wp\/v2\/comments?post=105270"}],"version-history":[{"count":0,"href":"https:\/\/www.cordobatimes.com\/showup\/wp-json\/wp\/v2\/posts\/105270\/revisions"}],"wp:featuredmedia":[{"embeddable":true,"href":"https:\/\/www.cordobatimes.com\/showup\/wp-json\/wp\/v2\/media\/105274"}],"wp:attachment":[{"href":"https:\/\/www.cordobatimes.com\/showup\/wp-json\/wp\/v2\/media?parent=105270"}],"wp:term":[{"taxonomy":"category","embeddable":true,"href":"https:\/\/www.cordobatimes.com\/showup\/wp-json\/wp\/v2\/categories?post=105270"},{"taxonomy":"post_tag","embeddable":true,"href":"https:\/\/www.cordobatimes.com\/showup\/wp-json\/wp\/v2\/tags?post=105270"}],"curies":[{"name":"wp","href":"https:\/\/api.w.org\/{rel}","templated":true}]}}