{"id":105254,"date":"2025-12-04T17:00:24","date_gmt":"2025-12-04T20:00:24","guid":{"rendered":"https:\/\/www.cordobatimes.com\/showup\/?p=105254"},"modified":"2025-12-04T17:00:25","modified_gmt":"2025-12-04T20:00:25","slug":"se-estreno-lali-la-que-le-gana-al-tiempo-el-nuevo-documental-intimo-de-lali-esposito-en-netflix","status":"publish","type":"post","link":"https:\/\/www.cordobatimes.com\/showup\/cine-y-series\/2025\/12\/04\/se-estreno-lali-la-que-le-gana-al-tiempo-el-nuevo-documental-intimo-de-lali-esposito-en-netflix\/","title":{"rendered":"Se estren\u00f3 \u201cLALI: La que le gana al tiempo\u201d, el nuevo documental \u00edntimo de Lali Esp\u00f3sito en Netflix"},"content":{"rendered":"<h3 data-start=\"239\" data-end=\"624\"><strong>Este jueves 4 de diciembre, Netflix lanz\u00f3 mundialmente <em data-start=\"298\" data-end=\"332\">\u201cLALI: La que le gana al tiempo\u201d<\/em>, el documental que sigue de cerca a Lali Esp\u00f3sito a lo largo de tres a\u00f1os decisivos en su carrera y en su vida personal. La producci\u00f3n \u2014dirigida por su primo Lautaro Esp\u00f3sito\u2014 ya est\u00e1 disponible en la plataforma y promete ser uno de los estrenos musicales m\u00e1s comentados de fin de a\u00f1o.<\/strong><\/h3>\n<h3 data-start=\"627\" data-end=\"679\"><strong data-start=\"631\" data-end=\"679\">Un retrato \u00edntimo y crudo de una etapa clave<\/strong><\/h3>\n<p data-start=\"680\" data-end=\"1059\">Con una duraci\u00f3n de <strong data-start=\"700\" data-end=\"714\">74 minutos<\/strong>, el documental combina material in\u00e9dito, im\u00e1genes del archivo personal de la artista y momentos que muestran su faceta m\u00e1s vulnerable. Desde la construcci\u00f3n de sus nuevos proyectos musicales hasta los procesos creativos detr\u00e1s de sus shows masivos, la pel\u00edcula captura la esencia de Lali en un momento de crecimiento y redefinici\u00f3n art\u00edstica.<\/p>\n<h3 data-start=\"1062\" data-end=\"1091\"><strong data-start=\"1066\" data-end=\"1091\">El camino hacia V\u00e9lez<\/strong><\/h3>\n<p data-start=\"1092\" data-end=\"1403\">Uno de los ejes m\u00e1s potentes del documental es el recorrido hacia sus conciertos en <strong data-start=\"1176\" data-end=\"1195\">V\u00e9lez Sarsfield<\/strong>, un hito hist\u00f3rico en la m\u00fasica pop argentina. Ensayos, decisiones art\u00edsticas, presi\u00f3n, emoci\u00f3n y la responsabilidad de llenar un estadio forman parte del detr\u00e1s de escena que el film deja ver sin filtros.<\/p>\n<h3 data-start=\"1406\" data-end=\"1443\"><strong data-start=\"1410\" data-end=\"1443\">Una mirada cercana y familiar<\/strong><\/h3>\n<p data-start=\"1444\" data-end=\"1749\">Al estar dirigido por Lautaro Esp\u00f3sito, el documental imprime una mirada mucho m\u00e1s cercana que la habitual en producciones de este estilo. No solo se muestra la preparaci\u00f3n profesional, sino tambi\u00e9n los momentos de introspecci\u00f3n, dudas y reflexiones sobre su identidad art\u00edstica y la exposici\u00f3n p\u00fablica.<\/p>\n<h3 data-start=\"1751\" data-end=\"1806\"><strong data-start=\"1755\" data-end=\"1806\">Un lanzamiento esperado por fans y la industria<\/strong><\/h3>\n<p data-start=\"1807\" data-end=\"2150\">El estreno gener\u00f3 fuerte expectativa: Lali viene de un a\u00f1o de reconocimiento internacional y de consolidar su figura como una de las artistas pop m\u00e1s influyentes de la regi\u00f3n. Netflix suma as\u00ed una pieza que no solo repasa su presente, sino que tambi\u00e9n contextualiza su evoluci\u00f3n desde sus inicios en la actuaci\u00f3n hasta su consagraci\u00f3n musical.<\/p>\n<div style=\"width: 696px;\" class=\"wp-video\"><video class=\"wp-video-shortcode\" id=\"video-105254-1\" width=\"696\" height=\"870\" preload=\"metadata\" controls=\"controls\"><source type=\"video\/mp4\" src=\"http:\/\/www.cordobatimes.com\/showup\/wp-content\/uploads\/2025\/12\/ssstwitter.com_1764878116307.mp4?_=1\" \/><a href=\"http:\/\/www.cordobatimes.com\/showup\/wp-content\/uploads\/2025\/12\/ssstwitter.com_1764878116307.mp4\">http:\/\/www.cordobatimes.com\/showup\/wp-content\/uploads\/2025\/12\/ssstwitter.com_1764878116307.mp4<\/a><\/video><\/div>\n","protected":false},"excerpt":{"rendered":"<p>Este jueves 4 de diciembre, Netflix lanz\u00f3 mundialmente \u201cLALI: La que le gana al tiempo\u201d, el documental que sigue de cerca a Lali Esp\u00f3sito a lo largo de tres a\u00f1os decisivos en su carrera y en su vida personal. La producci\u00f3n \u2014dirigida por su primo Lautaro Esp\u00f3sito\u2014 ya est\u00e1 disponible en la plataforma y promete [&hellip;]<\/p>\n","protected":false},"author":24,"featured_media":105257,"comment_status":"closed","ping_status":"closed","sticky":false,"template":"","format":"standard","meta":{"_seopress_robots_primary_cat":"none","_seopress_titles_title":"","_seopress_titles_desc":"","_seopress_robots_index":"","footnotes":""},"categories":[3],"tags":[40726,40727,40728],"class_list":{"0":"post-105254","1":"post","2":"type-post","3":"status-publish","4":"format-standard","5":"has-post-thumbnail","7":"category-cine-y-series","8":"tag-documental-intimo-de-lali-esposito","9":"tag-documental-lali-esposito","10":"tag-lali-la-que-le-gana-al-tiempo"},"_links":{"self":[{"href":"https:\/\/www.cordobatimes.com\/showup\/wp-json\/wp\/v2\/posts\/105254","targetHints":{"allow":["GET"]}}],"collection":[{"href":"https:\/\/www.cordobatimes.com\/showup\/wp-json\/wp\/v2\/posts"}],"about":[{"href":"https:\/\/www.cordobatimes.com\/showup\/wp-json\/wp\/v2\/types\/post"}],"author":[{"embeddable":true,"href":"https:\/\/www.cordobatimes.com\/showup\/wp-json\/wp\/v2\/users\/24"}],"replies":[{"embeddable":true,"href":"https:\/\/www.cordobatimes.com\/showup\/wp-json\/wp\/v2\/comments?post=105254"}],"version-history":[{"count":0,"href":"https:\/\/www.cordobatimes.com\/showup\/wp-json\/wp\/v2\/posts\/105254\/revisions"}],"wp:featuredmedia":[{"embeddable":true,"href":"https:\/\/www.cordobatimes.com\/showup\/wp-json\/wp\/v2\/media\/105257"}],"wp:attachment":[{"href":"https:\/\/www.cordobatimes.com\/showup\/wp-json\/wp\/v2\/media?parent=105254"}],"wp:term":[{"taxonomy":"category","embeddable":true,"href":"https:\/\/www.cordobatimes.com\/showup\/wp-json\/wp\/v2\/categories?post=105254"},{"taxonomy":"post_tag","embeddable":true,"href":"https:\/\/www.cordobatimes.com\/showup\/wp-json\/wp\/v2\/tags?post=105254"}],"curies":[{"name":"wp","href":"https:\/\/api.w.org\/{rel}","templated":true}]}}