{"id":105247,"date":"2025-12-04T12:37:50","date_gmt":"2025-12-04T15:37:50","guid":{"rendered":"https:\/\/www.cordobatimes.com\/showup\/?p=105247"},"modified":"2025-12-04T12:37:50","modified_gmt":"2025-12-04T15:37:50","slug":"nicolas-cabre-y-rocio-pardo-se-casaron-por-civil-intima-ceremonia-amor-y-grandes-expectativas","status":"publish","type":"post","link":"https:\/\/www.cordobatimes.com\/showup\/famosos\/2025\/12\/04\/nicolas-cabre-y-rocio-pardo-se-casaron-por-civil-intima-ceremonia-amor-y-grandes-expectativas\/","title":{"rendered":"Nicol\u00e1s Cabr\u00e9 y Roc\u00edo Pardo se casaron por civil: \u00edntima ceremonia, amor y grandes expectativas"},"content":{"rendered":"<h3 data-start=\"484\" data-end=\"716\"><strong>Este mi\u00e9rcoles 3 de diciembre de 2025, Nicol\u00e1s Cabr\u00e9 y Roc\u00edo Pardo dieron un paso hermoso y definitivo: se casaron por civil en una ceremonia \u00edntima rodeados de sus seres m\u00e1s queridos<\/strong><\/h3>\n<p data-start=\"484\" data-end=\"716\">La celebraci\u00f3n, reservada y cargada de emociones, tuvo como espectadores cercanos a familiares, amigos\u2026 y a Rufina Cabr\u00e9, la hija del actor, quien acompa\u00f1\u00f3 a su pap\u00e1 durante el acto de firmas.<\/p>\n<p data-start=\"718\" data-end=\"1038\">En sus redes sociales, la pareja comparti\u00f3 im\u00e1genes cargadas de ternura y felicidad bajo el mensaje: \u201c03\u201112\u201125. Civil. Rodeados de amor\u201d. En las fotos se los ve firmando la libreta matrimonial, fundidos en un beso, recibiendo aplausos y celebrando con lluvia de arroz a la salida.<\/p>\n<p data-start=\"1040\" data-end=\"1344\">Los looks de los novios reflejaron sencillez y armon\u00eda: Pardo apost\u00f3 a un conjunto sastrero blanco con pantal\u00f3n; Cabr\u00e9 eligi\u00f3 un estilo total white (camisa y pantal\u00f3n de lino), mientras que Rufina tambi\u00e9n luci\u00f3 un vestido blanco, siguiendo la est\u00e9tica del momento.<\/p>\n<p data-start=\"1346\" data-end=\"1698\">Tras el civil llegaron abrazos, emoci\u00f3n y fotos familiares. Pero la historia contin\u00faa: el gran festejo est\u00e1 previsto para este s\u00e1bado 6 de diciembre en una estancia en C\u00f3rdoba \u2014donde se espera congregar a familiares, amigos y algunos invitados especiales\u2014, para celebrar la fiesta de casamiento por todo lo alto.<\/p>\n<p data-start=\"1700\" data-end=\"1943\">Para la pareja, este casamiento no es s\u00f3lo un tr\u00e1mite: es el inicio de una nueva etapa juntos, de convivencia, planes en com\u00fan y hasta proyectos art\u00edsticos compartidos. El comienzo oficial de su vida como marido y mujer, con alma de familia.<\/p>\n<div style=\"width: 480px;\" class=\"wp-video\"><video class=\"wp-video-shortcode\" id=\"video-105247-1\" width=\"480\" height=\"852\" preload=\"metadata\" controls=\"controls\"><source type=\"video\/mp4\" src=\"http:\/\/www.cordobatimes.com\/showup\/wp-content\/uploads\/2025\/12\/ssstwitter.com_1764862298899.mp4?_=1\" \/><a href=\"http:\/\/www.cordobatimes.com\/showup\/wp-content\/uploads\/2025\/12\/ssstwitter.com_1764862298899.mp4\">http:\/\/www.cordobatimes.com\/showup\/wp-content\/uploads\/2025\/12\/ssstwitter.com_1764862298899.mp4<\/a><\/video><\/div>\n","protected":false},"excerpt":{"rendered":"<p>Este mi\u00e9rcoles 3 de diciembre de 2025, Nicol\u00e1s Cabr\u00e9 y Roc\u00edo Pardo dieron un paso hermoso y definitivo: se casaron por civil en una ceremonia \u00edntima rodeados de sus seres m\u00e1s queridos La celebraci\u00f3n, reservada y cargada de emociones, tuvo como espectadores cercanos a familiares, amigos\u2026 y a Rufina Cabr\u00e9, la hija del actor, quien [&hellip;]<\/p>\n","protected":false},"author":24,"featured_media":105250,"comment_status":"closed","ping_status":"closed","sticky":false,"template":"","format":"standard","meta":{"_seopress_robots_primary_cat":"none","_seopress_titles_title":"","_seopress_titles_desc":"","_seopress_robots_index":"","footnotes":""},"categories":[12967,4],"tags":[40725,40724],"class_list":{"0":"post-105247","1":"post","2":"type-post","3":"status-publish","4":"format-standard","5":"has-post-thumbnail","7":"category-destacada","8":"category-famosos","9":"tag-casamiento-de-nicolas-cabre-y-rocio-pardo","10":"tag-nicolas-cabre-y-rocio-pardo"},"_links":{"self":[{"href":"https:\/\/www.cordobatimes.com\/showup\/wp-json\/wp\/v2\/posts\/105247","targetHints":{"allow":["GET"]}}],"collection":[{"href":"https:\/\/www.cordobatimes.com\/showup\/wp-json\/wp\/v2\/posts"}],"about":[{"href":"https:\/\/www.cordobatimes.com\/showup\/wp-json\/wp\/v2\/types\/post"}],"author":[{"embeddable":true,"href":"https:\/\/www.cordobatimes.com\/showup\/wp-json\/wp\/v2\/users\/24"}],"replies":[{"embeddable":true,"href":"https:\/\/www.cordobatimes.com\/showup\/wp-json\/wp\/v2\/comments?post=105247"}],"version-history":[{"count":0,"href":"https:\/\/www.cordobatimes.com\/showup\/wp-json\/wp\/v2\/posts\/105247\/revisions"}],"wp:featuredmedia":[{"embeddable":true,"href":"https:\/\/www.cordobatimes.com\/showup\/wp-json\/wp\/v2\/media\/105250"}],"wp:attachment":[{"href":"https:\/\/www.cordobatimes.com\/showup\/wp-json\/wp\/v2\/media?parent=105247"}],"wp:term":[{"taxonomy":"category","embeddable":true,"href":"https:\/\/www.cordobatimes.com\/showup\/wp-json\/wp\/v2\/categories?post=105247"},{"taxonomy":"post_tag","embeddable":true,"href":"https:\/\/www.cordobatimes.com\/showup\/wp-json\/wp\/v2\/tags?post=105247"}],"curies":[{"name":"wp","href":"https:\/\/api.w.org\/{rel}","templated":true}]}}