{"id":105230,"date":"2025-12-04T09:54:50","date_gmt":"2025-12-04T12:54:50","guid":{"rendered":"https:\/\/www.cordobatimes.com\/showup\/?p=105230"},"modified":"2025-12-04T09:54:50","modified_gmt":"2025-12-04T12:54:50","slug":"el-magico-encendido-del-arbol-de-navidad-en-rockefeller-center-2025","status":"publish","type":"post","link":"https:\/\/www.cordobatimes.com\/showup\/curiosidades\/2025\/12\/04\/el-magico-encendido-del-arbol-de-navidad-en-rockefeller-center-2025\/","title":{"rendered":"El m\u00e1gico encendido del \u00e1rbol de Navidad en Rockefeller Center 2025"},"content":{"rendered":"<h3 data-start=\"199\" data-end=\"510\"><strong>Nueva York volvi\u00f3 a vestirse de fiesta con la tradicional ceremonia del encendido del \u00e1rbol de Navidad en el Rockefeller Center, que este a\u00f1o tuvo lugar el mi\u00e9rcoles 3 de diciembre. Miles de personas se acercaron a Midtown Manhattan para ser testigos del momento m\u00e1s esperado de la temporada navide\u00f1a.<\/strong><\/h3>\n<p data-start=\"512\" data-end=\"813\">El protagonista, un <strong data-start=\"532\" data-end=\"562\">abeto noruego de 23 metros<\/strong>, fue donado por la familia Russ desde East Greenbush, New York. La majestuosa decoraci\u00f3n incluy\u00f3 <strong data-start=\"660\" data-end=\"700\">m\u00e1s de 50.000 luces LED multicolores<\/strong> y la cl\u00e1sica estrella de cristal Swarovski en la punta, que ilumin\u00f3 la noche neoyorkina con todo su esplendor.<\/p>\n<p data-start=\"815\" data-end=\"1212\">El evento cont\u00f3 con un <strong data-start=\"838\" data-end=\"871\">espect\u00e1culo de m\u00fasica en vivo<\/strong> conducido por Reba McEntire y con la participaci\u00f3n de artistas internacionales como <strong data-start=\"956\" data-end=\"1016\">Marc Anthony, Michael Bubl\u00e9, Gwen Stefani y Halle Bailey<\/strong>, acompa\u00f1ados por las ic\u00f3nicas <strong data-start=\"1047\" data-end=\"1071\">Radio City Rockettes<\/strong>, que celebran su centenario. Los asistentes disfrutaron de villancicos, coreograf\u00edas y un ambiente cargado de alegr\u00eda y esp\u00edritu navide\u00f1o.<\/p>\n<p data-start=\"1214\" data-end=\"1611\">La ceremonia mantiene viva una tradici\u00f3n que data de <strong data-start=\"1267\" data-end=\"1275\">1933<\/strong>, convirti\u00e9ndose en uno de los \u00edconos navide\u00f1os m\u00e1s reconocidos del mundo. El \u00e1rbol permanecer\u00e1 iluminado hasta <strong data-start=\"1387\" data-end=\"1416\">mediados de enero de 2026<\/strong>, y posteriormente su madera ser\u00e1 donada a la organizaci\u00f3n <strong data-start=\"1475\" data-end=\"1499\">Habitat for Humanity<\/strong> para la construcci\u00f3n de viviendas sociales, cerrando as\u00ed un ciclo que combina magia, tradici\u00f3n y solidaridad.<\/p>\n<p data-start=\"1613\" data-end=\"1938\">El encendido del Rockefeller Center no solo marca el inicio oficial de la temporada navide\u00f1a en Nueva York, sino que tambi\u00e9n es un evento que congrega a familias, turistas y amantes de la m\u00fasica de todas partes del mundo, record\u00e1ndonos la importancia de compartir momentos de alegr\u00eda y esperanza en esta \u00e9poca tan especial.<\/p>\n<div style=\"width: 480px;\" class=\"wp-video\"><video class=\"wp-video-shortcode\" id=\"video-105230-1\" width=\"480\" height=\"852\" preload=\"metadata\" controls=\"controls\"><source type=\"video\/mp4\" src=\"http:\/\/www.cordobatimes.com\/showup\/wp-content\/uploads\/2025\/12\/ssstwitter.com_1764852670456.mp4?_=1\" \/><a href=\"http:\/\/www.cordobatimes.com\/showup\/wp-content\/uploads\/2025\/12\/ssstwitter.com_1764852670456.mp4\">http:\/\/www.cordobatimes.com\/showup\/wp-content\/uploads\/2025\/12\/ssstwitter.com_1764852670456.mp4<\/a><\/video><\/div>\n","protected":false},"excerpt":{"rendered":"<p>Nueva York volvi\u00f3 a vestirse de fiesta con la tradicional ceremonia del encendido del \u00e1rbol de Navidad en el Rockefeller Center, que este a\u00f1o tuvo lugar el mi\u00e9rcoles 3 de diciembre. Miles de personas se acercaron a Midtown Manhattan para ser testigos del momento m\u00e1s esperado de la temporada navide\u00f1a. El protagonista, un abeto noruego [&hellip;]<\/p>\n","protected":false},"author":24,"featured_media":105233,"comment_status":"closed","ping_status":"closed","sticky":false,"template":"","format":"standard","meta":{"_seopress_robots_primary_cat":"none","_seopress_titles_title":"","_seopress_titles_desc":"","_seopress_robots_index":"","footnotes":""},"categories":[8],"tags":[40718,40717],"class_list":{"0":"post-105230","1":"post","2":"type-post","3":"status-publish","4":"format-standard","5":"has-post-thumbnail","7":"category-curiosidades","8":"tag-arbol-de-navidad-en-rockefeller-center","9":"tag-encendido-del-arbol-de-navidad-en-rockefeller-center-2025"},"_links":{"self":[{"href":"https:\/\/www.cordobatimes.com\/showup\/wp-json\/wp\/v2\/posts\/105230","targetHints":{"allow":["GET"]}}],"collection":[{"href":"https:\/\/www.cordobatimes.com\/showup\/wp-json\/wp\/v2\/posts"}],"about":[{"href":"https:\/\/www.cordobatimes.com\/showup\/wp-json\/wp\/v2\/types\/post"}],"author":[{"embeddable":true,"href":"https:\/\/www.cordobatimes.com\/showup\/wp-json\/wp\/v2\/users\/24"}],"replies":[{"embeddable":true,"href":"https:\/\/www.cordobatimes.com\/showup\/wp-json\/wp\/v2\/comments?post=105230"}],"version-history":[{"count":0,"href":"https:\/\/www.cordobatimes.com\/showup\/wp-json\/wp\/v2\/posts\/105230\/revisions"}],"wp:featuredmedia":[{"embeddable":true,"href":"https:\/\/www.cordobatimes.com\/showup\/wp-json\/wp\/v2\/media\/105233"}],"wp:attachment":[{"href":"https:\/\/www.cordobatimes.com\/showup\/wp-json\/wp\/v2\/media?parent=105230"}],"wp:term":[{"taxonomy":"category","embeddable":true,"href":"https:\/\/www.cordobatimes.com\/showup\/wp-json\/wp\/v2\/categories?post=105230"},{"taxonomy":"post_tag","embeddable":true,"href":"https:\/\/www.cordobatimes.com\/showup\/wp-json\/wp\/v2\/tags?post=105230"}],"curies":[{"name":"wp","href":"https:\/\/api.w.org\/{rel}","templated":true}]}}