{"id":105078,"date":"2025-12-02T10:28:08","date_gmt":"2025-12-02T13:28:08","guid":{"rendered":"https:\/\/www.cordobatimes.com\/showup\/?p=105078"},"modified":"2025-12-02T10:28:09","modified_gmt":"2025-12-02T13:28:09","slug":"rosalia-se-anima-a-la-cocina-argentina-version-saltena-de-empanadas","status":"publish","type":"post","link":"https:\/\/www.cordobatimes.com\/showup\/famosos\/2025\/12\/02\/rosalia-se-anima-a-la-cocina-argentina-version-saltena-de-empanadas\/","title":{"rendered":"Rosal\u00eda se anima a la cocina argentina: versi\u00f3n salte\u00f1a de empanadas"},"content":{"rendered":"<h3><strong>La cantante espa\u00f1ola sorprendi\u00f3 al probar sus dotes culinarios junto a Ailin Tokman y Andr\u00e9s Sim\u00f3n, preparando empanadas salte\u00f1as y calificando su propia receta: \u201cSon buen\u00edsimas, un 10\u201d.<\/strong><\/h3>\n<p data-start=\"396\" data-end=\"717\">En un encuentro distendido, Rosal\u00eda se puso el delantal y aprendi\u00f3 a preparar empanadas salte\u00f1as de la mano de los reconocidos cocineros argentinos Ailin Tokman y Andr\u00e9s Sim\u00f3n. Entre risas y consejos, la artista espa\u00f1ola se mostr\u00f3 entusiasmada con la experiencia, grabando el proceso y comparti\u00e9ndolo en redes sociales.<\/p>\n<p data-start=\"719\" data-end=\"976\">Durante la preparaci\u00f3n, Rosal\u00eda expres\u00f3 con humor: \u201cChe, loco. \u00bfMe ense\u00f1an a hacer empanadas?\u201d, mostrando cercan\u00eda y buena onda con sus compa\u00f1eros de cocina. Al finalizar, prob\u00f3 su creaci\u00f3n y no dud\u00f3 en calificarla con un rotundo: \u201cSon buen\u00edsimas, un 10\u201d.<\/p>\n<p data-start=\"978\" data-end=\"1161\">El video r\u00e1pidamente se viraliz\u00f3, generando comentarios de fans argentinos y de todo el mundo, quienes celebraron tanto la receta como el lado m\u00e1s humano y divertido de la cantante.<\/p>\n<div style=\"width: 480px;\" class=\"wp-video\"><video class=\"wp-video-shortcode\" id=\"video-105078-1\" width=\"480\" height=\"852\" preload=\"metadata\" controls=\"controls\"><source type=\"video\/mp4\" src=\"http:\/\/www.cordobatimes.com\/showup\/wp-content\/uploads\/2025\/12\/ssstwitter.com_1764681890010.mp4?_=1\" \/><a href=\"http:\/\/www.cordobatimes.com\/showup\/wp-content\/uploads\/2025\/12\/ssstwitter.com_1764681890010.mp4\">http:\/\/www.cordobatimes.com\/showup\/wp-content\/uploads\/2025\/12\/ssstwitter.com_1764681890010.mp4<\/a><\/video><\/div>\n","protected":false},"excerpt":{"rendered":"<p>La cantante espa\u00f1ola sorprendi\u00f3 al probar sus dotes culinarios junto a Ailin Tokman y Andr\u00e9s Sim\u00f3n, preparando empanadas salte\u00f1as y calificando su propia receta: \u201cSon buen\u00edsimas, un 10\u201d. En un encuentro distendido, Rosal\u00eda se puso el delantal y aprendi\u00f3 a preparar empanadas salte\u00f1as de la mano de los reconocidos cocineros argentinos Ailin Tokman y Andr\u00e9s [&hellip;]<\/p>\n","protected":false},"author":24,"featured_media":104981,"comment_status":"closed","ping_status":"closed","sticky":false,"template":"","format":"standard","meta":{"_seopress_robots_primary_cat":"none","_seopress_titles_title":"","_seopress_titles_desc":"","_seopress_robots_index":"","footnotes":""},"categories":[12967,4],"tags":[],"class_list":{"0":"post-105078","1":"post","2":"type-post","3":"status-publish","4":"format-standard","5":"has-post-thumbnail","7":"category-destacada","8":"category-famosos"},"_links":{"self":[{"href":"https:\/\/www.cordobatimes.com\/showup\/wp-json\/wp\/v2\/posts\/105078","targetHints":{"allow":["GET"]}}],"collection":[{"href":"https:\/\/www.cordobatimes.com\/showup\/wp-json\/wp\/v2\/posts"}],"about":[{"href":"https:\/\/www.cordobatimes.com\/showup\/wp-json\/wp\/v2\/types\/post"}],"author":[{"embeddable":true,"href":"https:\/\/www.cordobatimes.com\/showup\/wp-json\/wp\/v2\/users\/24"}],"replies":[{"embeddable":true,"href":"https:\/\/www.cordobatimes.com\/showup\/wp-json\/wp\/v2\/comments?post=105078"}],"version-history":[{"count":0,"href":"https:\/\/www.cordobatimes.com\/showup\/wp-json\/wp\/v2\/posts\/105078\/revisions"}],"wp:featuredmedia":[{"embeddable":true,"href":"https:\/\/www.cordobatimes.com\/showup\/wp-json\/wp\/v2\/media\/104981"}],"wp:attachment":[{"href":"https:\/\/www.cordobatimes.com\/showup\/wp-json\/wp\/v2\/media?parent=105078"}],"wp:term":[{"taxonomy":"category","embeddable":true,"href":"https:\/\/www.cordobatimes.com\/showup\/wp-json\/wp\/v2\/categories?post=105078"},{"taxonomy":"post_tag","embeddable":true,"href":"https:\/\/www.cordobatimes.com\/showup\/wp-json\/wp\/v2\/tags?post=105078"}],"curies":[{"name":"wp","href":"https:\/\/api.w.org\/{rel}","templated":true}]}}