{"id":105034,"date":"2025-12-01T18:05:20","date_gmt":"2025-12-01T21:05:20","guid":{"rendered":"https:\/\/www.cordobatimes.com\/showup\/?p=105034"},"modified":"2025-12-01T18:05:21","modified_gmt":"2025-12-01T21:05:21","slug":"hbo-max-presento-el-primer-adelanto-de-la-segunda-temporada-de-maxima-la-serie-protagonizada-por-delfina-chaves-regresa-con-boda-real-drama-y-nuevos-desafios","status":"publish","type":"post","link":"https:\/\/www.cordobatimes.com\/showup\/cine-y-series\/2025\/12\/01\/hbo-max-presento-el-primer-adelanto-de-la-segunda-temporada-de-maxima-la-serie-protagonizada-por-delfina-chaves-regresa-con-boda-real-drama-y-nuevos-desafios\/","title":{"rendered":"HBO Max present\u00f3 el primer adelanto de la segunda temporada de M\u00e1xima La serie protagonizada por Delfina Chaves regresa con boda real, drama y nuevos desaf\u00edos"},"content":{"rendered":"<h3><strong>HBO Max revel\u00f3 el primer adelanto de la segunda temporada de M\u00e1xima, la ficci\u00f3n que sigue la vida de M\u00e1xima Zorreguieta y su camino hacia la realeza holandesa. Protagonizada por Delfina Chaves, la producci\u00f3n contin\u00faa explorando la historia de la argentina m\u00e1s emblem\u00e1tica de la corona.<\/strong><\/h3>\n<p>Este nuevo ciclo contar\u00e1 con seis episodios de aproximadamente 50 minutos y se enfocar\u00e1 en uno de los momentos m\u00e1s ic\u00f3nicos de la vida de M\u00e1xima: su boda con el entonces pr\u00edncipe Guillermo Alejandro. El adelanto, presentado durante el Upfront 2026 en Buenos Aires, muestra im\u00e1genes in\u00e9ditas de la ceremonia, la intimidad del v\u00ednculo y la presi\u00f3n que implic\u00f3 convertirse en figura central de la Casa Real.<\/p>\n<p>La serie tambi\u00e9n profundizar\u00e1 en los desaf\u00edos de su adaptaci\u00f3n a un nuevo pa\u00eds, una instituci\u00f3n milenaria y un rol lleno de responsabilidades pol\u00edticas y sociales. Entre las novedades del avance aparece la hermana de M\u00e1xima, interpretada por Carolina Kopelioff, cuya presencia promete sumar emoci\u00f3n y conflicto familiar.<\/p>\n<p>La primera temporada se convirti\u00f3 en uno de los mayores \u00e9xitos regionales de HBO Max, destacada por su producci\u00f3n internacional y por la interpretaci\u00f3n de Delfina Chaves. Con este regreso, la plataforma apuesta nuevamente por una historia que combina drama, historia contempor\u00e1nea y el atractivo innegable de la realeza.<\/p>\n<div style=\"width: 696px;\" class=\"wp-video\"><video class=\"wp-video-shortcode\" id=\"video-105034-1\" width=\"696\" height=\"392\" preload=\"metadata\" controls=\"controls\"><source type=\"video\/mp4\" src=\"http:\/\/www.cordobatimes.com\/showup\/wp-content\/uploads\/2025\/12\/Trailer-Maxima-temporada-2.mp4?_=1\" \/><a href=\"http:\/\/www.cordobatimes.com\/showup\/wp-content\/uploads\/2025\/12\/Trailer-Maxima-temporada-2.mp4\">http:\/\/www.cordobatimes.com\/showup\/wp-content\/uploads\/2025\/12\/Trailer-Maxima-temporada-2.mp4<\/a><\/video><\/div>\n","protected":false},"excerpt":{"rendered":"<p>HBO Max revel\u00f3 el primer adelanto de la segunda temporada de M\u00e1xima, la ficci\u00f3n que sigue la vida de M\u00e1xima Zorreguieta y su camino hacia la realeza holandesa. Protagonizada por Delfina Chaves, la producci\u00f3n contin\u00faa explorando la historia de la argentina m\u00e1s emblem\u00e1tica de la corona. Este nuevo ciclo contar\u00e1 con seis episodios de aproximadamente [&hellip;]<\/p>\n","protected":false},"author":24,"featured_media":105038,"comment_status":"closed","ping_status":"closed","sticky":false,"template":"","format":"standard","meta":{"_seopress_robots_primary_cat":"none","_seopress_titles_title":"","_seopress_titles_desc":"","_seopress_robots_index":"","footnotes":""},"categories":[3],"tags":[40656,40655,40657],"class_list":{"0":"post-105034","1":"post","2":"type-post","3":"status-publish","4":"format-standard","5":"has-post-thumbnail","7":"category-cine-y-series","8":"tag-adelanto-de-la-segunda-temporada-de-maxima-la-serie","9":"tag-primer-adelanto-de-la-segunda-temporada-de-maxima-la-serie","10":"tag-segunda-temporada-de-maxima-la-serie"},"_links":{"self":[{"href":"https:\/\/www.cordobatimes.com\/showup\/wp-json\/wp\/v2\/posts\/105034","targetHints":{"allow":["GET"]}}],"collection":[{"href":"https:\/\/www.cordobatimes.com\/showup\/wp-json\/wp\/v2\/posts"}],"about":[{"href":"https:\/\/www.cordobatimes.com\/showup\/wp-json\/wp\/v2\/types\/post"}],"author":[{"embeddable":true,"href":"https:\/\/www.cordobatimes.com\/showup\/wp-json\/wp\/v2\/users\/24"}],"replies":[{"embeddable":true,"href":"https:\/\/www.cordobatimes.com\/showup\/wp-json\/wp\/v2\/comments?post=105034"}],"version-history":[{"count":0,"href":"https:\/\/www.cordobatimes.com\/showup\/wp-json\/wp\/v2\/posts\/105034\/revisions"}],"wp:featuredmedia":[{"embeddable":true,"href":"https:\/\/www.cordobatimes.com\/showup\/wp-json\/wp\/v2\/media\/105038"}],"wp:attachment":[{"href":"https:\/\/www.cordobatimes.com\/showup\/wp-json\/wp\/v2\/media?parent=105034"}],"wp:term":[{"taxonomy":"category","embeddable":true,"href":"https:\/\/www.cordobatimes.com\/showup\/wp-json\/wp\/v2\/categories?post=105034"},{"taxonomy":"post_tag","embeddable":true,"href":"https:\/\/www.cordobatimes.com\/showup\/wp-json\/wp\/v2\/tags?post=105034"}],"curies":[{"name":"wp","href":"https:\/\/api.w.org\/{rel}","templated":true}]}}