{"id":105029,"date":"2025-12-01T12:02:44","date_gmt":"2025-12-01T15:02:44","guid":{"rendered":"https:\/\/www.cordobatimes.com\/showup\/?p=105029"},"modified":"2025-12-01T12:02:44","modified_gmt":"2025-12-01T15:02:44","slug":"belen-la-pelicula-argentina-que-va-por-el-oscar-2026","status":"publish","type":"post","link":"https:\/\/www.cordobatimes.com\/showup\/cine-y-series\/2025\/12\/01\/belen-la-pelicula-argentina-que-va-por-el-oscar-2026\/","title":{"rendered":"Bel\u00e9n: la pel\u00edcula argentina que va por el Oscar 2026"},"content":{"rendered":"<p data-start=\"182\" data-end=\"372\"><strong data-start=\"182\" data-end=\"372\">El film dirigido por Dolores Fonzi fue elegido para representar a Argentina en los Premios Oscar y Goya 2026. Basado en una historia real, combina cine, justicia y perspectiva de g\u00e9nero.<\/strong><\/p>\n<p data-start=\"374\" data-end=\"765\">La industria del cine argentino vive un momento clave con <em data-start=\"432\" data-end=\"439\">Bel\u00e9n<\/em>, la pel\u00edcula dirigida por Dolores Fonzi que fue seleccionada para competir como representante nacional en los Premios Oscar y en los Premios Goya 2026. El film, estrenado en septiembre de este a\u00f1o, llega con una fuerte carga emocional y social, posicion\u00e1ndose como una de las producciones m\u00e1s poderosas del panorama regional.<\/p>\n<p data-start=\"767\" data-end=\"1134\">Basada en el libro <em data-start=\"786\" data-end=\"799\">Somos Bel\u00e9n<\/em> de Ana Correa, la pel\u00edcula retrata el caso real de una joven tucumana que sufri\u00f3 un aborto espont\u00e1neo y fue injustamente acusada de un delito grave. A partir de ese disparador, Fonzi construye una historia profunda sobre desigualdad, violencia institucional y los prejuicios que atraviesan a miles de mujeres en situaciones similares.<\/p>\n<p data-start=\"1136\" data-end=\"1557\">Con un elenco s\u00f3lido y comprometido, encabezado por Camila Plaate, <em data-start=\"1203\" data-end=\"1210\">Bel\u00e9n<\/em> muestra de manera cruda y sensible un sistema que castiga cuerpos y decisiones m\u00e9dicas, y que muchas veces responde con estigma en lugar de empat\u00eda. La pel\u00edcula no s\u00f3lo expone la injusticia vivida por la protagonista, sino que adem\u00e1s invita a reflexionar sobre la criminalizaci\u00f3n de emergencias obst\u00e9tricas y la importancia del acceso a derechos.<\/p>\n<p data-start=\"1559\" data-end=\"1859\">El reconocimiento internacional que recibe <em data-start=\"1602\" data-end=\"1609\">Bel\u00e9n<\/em> no es casual: su mirada humana, su narrativa directa y la potencia de su mensaje la convierten en una obra urgente. Representar a Argentina en los Oscar y los Goya significa amplificar un debate global sobre justicia, salud y derechos reproductivos.<\/p>\n<p data-start=\"1861\" data-end=\"2155\">Dolores Fonzi, en entrevistas recientes, destac\u00f3 que su intenci\u00f3n fue \u201chacer una pel\u00edcula que cuente un caso real y que muestre c\u00f3mo un grupo de mujeres moviliza a una sociedad entera\u201d. Y esa esencia atraviesa cada escena: <em data-start=\"2084\" data-end=\"2091\">Bel\u00e9n<\/em> no es solo cine, es memoria, resistencia y conversaci\u00f3n social.<\/p>\n<p data-start=\"2157\" data-end=\"2428\">Con su recorrido en festivales y su llegada a plataformas, la pel\u00edcula se perfila como uno de los t\u00edtulos m\u00e1s comentados del a\u00f1o. Para espectadores argentinos y del mundo, <em data-start=\"2329\" data-end=\"2336\">Bel\u00e9n<\/em> representa una oportunidad de conectar con una historia que duele, pero tambi\u00e9n transforma.<\/p>\n<p><iframe loading=\"lazy\" width=\"560\" height=\"315\" src=\"https:\/\/www.youtube.com\/embed\/gQQdv9k6t0w?si=AgliSYr3YAkWdo2v\" title=\"YouTube video player\" frameborder=\"0\" allow=\"accelerometer; autoplay; clipboard-write; encrypted-media; gyroscope; picture-in-picture; web-share\" referrerpolicy=\"strict-origin-when-cross-origin\" allowfullscreen><\/iframe><\/p>\n","protected":false},"excerpt":{"rendered":"<p>El film dirigido por Dolores Fonzi fue elegido para representar a Argentina en los Premios Oscar y Goya 2026. Basado en una historia real, combina cine, justicia y perspectiva de g\u00e9nero. La industria del cine argentino vive un momento clave con Bel\u00e9n, la pel\u00edcula dirigida por Dolores Fonzi que fue seleccionada para competir como representante [&hellip;]<\/p>\n","protected":false},"author":24,"featured_media":105032,"comment_status":"closed","ping_status":"closed","sticky":false,"template":"","format":"standard","meta":{"_seopress_robots_primary_cat":"none","_seopress_titles_title":"","_seopress_titles_desc":"","_seopress_robots_index":"","footnotes":""},"categories":[3],"tags":[40654,40653],"class_list":{"0":"post-105029","1":"post","2":"type-post","3":"status-publish","4":"format-standard","5":"has-post-thumbnail","7":"category-cine-y-series","8":"tag-belen-oscar-2026","9":"tag-belen-pelicula-argentina"},"_links":{"self":[{"href":"https:\/\/www.cordobatimes.com\/showup\/wp-json\/wp\/v2\/posts\/105029","targetHints":{"allow":["GET"]}}],"collection":[{"href":"https:\/\/www.cordobatimes.com\/showup\/wp-json\/wp\/v2\/posts"}],"about":[{"href":"https:\/\/www.cordobatimes.com\/showup\/wp-json\/wp\/v2\/types\/post"}],"author":[{"embeddable":true,"href":"https:\/\/www.cordobatimes.com\/showup\/wp-json\/wp\/v2\/users\/24"}],"replies":[{"embeddable":true,"href":"https:\/\/www.cordobatimes.com\/showup\/wp-json\/wp\/v2\/comments?post=105029"}],"version-history":[{"count":0,"href":"https:\/\/www.cordobatimes.com\/showup\/wp-json\/wp\/v2\/posts\/105029\/revisions"}],"wp:featuredmedia":[{"embeddable":true,"href":"https:\/\/www.cordobatimes.com\/showup\/wp-json\/wp\/v2\/media\/105032"}],"wp:attachment":[{"href":"https:\/\/www.cordobatimes.com\/showup\/wp-json\/wp\/v2\/media?parent=105029"}],"wp:term":[{"taxonomy":"category","embeddable":true,"href":"https:\/\/www.cordobatimes.com\/showup\/wp-json\/wp\/v2\/categories?post=105029"},{"taxonomy":"post_tag","embeddable":true,"href":"https:\/\/www.cordobatimes.com\/showup\/wp-json\/wp\/v2\/tags?post=105029"}],"curies":[{"name":"wp","href":"https:\/\/api.w.org\/{rel}","templated":true}]}}