{"id":105018,"date":"2025-12-01T10:56:08","date_gmt":"2025-12-01T13:56:08","guid":{"rendered":"https:\/\/www.cordobatimes.com\/showup\/?p=105018"},"modified":"2025-12-01T10:56:08","modified_gmt":"2025-12-01T13:56:08","slug":"migue-granados-se-pronuncia-con-dureza-contra-el-movimiento-antivacunas","status":"publish","type":"post","link":"https:\/\/www.cordobatimes.com\/showup\/famosos\/2025\/12\/01\/migue-granados-se-pronuncia-con-dureza-contra-el-movimiento-antivacunas\/","title":{"rendered":"Migue Granados se pronuncia con dureza contra el movimiento antivacunas"},"content":{"rendered":"<h3 data-start=\"134\" data-end=\"460\"><strong>El conductor y humorista Migue Granados volvi\u00f3 a generar repercusi\u00f3n al expresar su postura firme sobre la vacunaci\u00f3n infantil y el reciente rebrote de sarampi\u00f3n. En di\u00e1logo con Iv\u00e1n Schargrodsky en el programa <em data-start=\"345\" data-end=\"360\">On The Record<\/em>, transmitido por el canal de streaming de Cenital, Granados no dud\u00f3 en ser directo y contundente.<\/strong><\/h3>\n<p data-start=\"462\" data-end=\"862\">\u201cVacunen a los pibes, boludo, y si me quieren insultar me chupan los huevos\u201d, afirm\u00f3, y revel\u00f3 que incluso discuti\u00f3 \u201ccon muchos pap\u00e1s del colegio\u201d por este tema. Con estas declaraciones, Granados defendi\u00f3 p\u00fablicamente la importancia de la prevenci\u00f3n sanitaria y dej\u00f3 en claro su rechazo a las posturas antivacunas, insistiendo en la responsabilidad de los adultos de proteger la salud de los ni\u00f1os.<\/p>\n<p data-start=\"864\" data-end=\"1041\">Su postura gener\u00f3 debate en redes, donde seguidores aplaudieron su sinceridad y su enfoque claro sobre un tema que sigue siendo sensible en la comunidad educativa y sanitaria.<\/p>\n<div style=\"width: 696px;\" class=\"wp-video\"><video class=\"wp-video-shortcode\" id=\"video-105018-1\" width=\"696\" height=\"392\" preload=\"metadata\" controls=\"controls\"><source type=\"video\/mp4\" src=\"http:\/\/www.cordobatimes.com\/showup\/wp-content\/uploads\/2025\/12\/ssstwitter.com_1764596225214.mp4?_=1\" \/><a href=\"http:\/\/www.cordobatimes.com\/showup\/wp-content\/uploads\/2025\/12\/ssstwitter.com_1764596225214.mp4\">http:\/\/www.cordobatimes.com\/showup\/wp-content\/uploads\/2025\/12\/ssstwitter.com_1764596225214.mp4<\/a><\/video><\/div>\n","protected":false},"excerpt":{"rendered":"<p>El conductor y humorista Migue Granados volvi\u00f3 a generar repercusi\u00f3n al expresar su postura firme sobre la vacunaci\u00f3n infantil y el reciente rebrote de sarampi\u00f3n. En di\u00e1logo con Iv\u00e1n Schargrodsky en el programa On The Record, transmitido por el canal de streaming de Cenital, Granados no dud\u00f3 en ser directo y contundente. \u201cVacunen a los [&hellip;]<\/p>\n","protected":false},"author":24,"featured_media":105021,"comment_status":"closed","ping_status":"closed","sticky":false,"template":"","format":"standard","meta":{"_seopress_robots_primary_cat":"none","_seopress_titles_title":"","_seopress_titles_desc":"","_seopress_robots_index":"","footnotes":""},"categories":[12967,4],"tags":[40648,40649,40647],"class_list":{"0":"post-105018","1":"post","2":"type-post","3":"status-publish","4":"format-standard","5":"has-post-thumbnail","7":"category-destacada","8":"category-famosos","9":"tag-migue-granados","10":"tag-migue-granados-movimiento-antivacunas","11":"tag-movimiento-antivacunas"},"_links":{"self":[{"href":"https:\/\/www.cordobatimes.com\/showup\/wp-json\/wp\/v2\/posts\/105018","targetHints":{"allow":["GET"]}}],"collection":[{"href":"https:\/\/www.cordobatimes.com\/showup\/wp-json\/wp\/v2\/posts"}],"about":[{"href":"https:\/\/www.cordobatimes.com\/showup\/wp-json\/wp\/v2\/types\/post"}],"author":[{"embeddable":true,"href":"https:\/\/www.cordobatimes.com\/showup\/wp-json\/wp\/v2\/users\/24"}],"replies":[{"embeddable":true,"href":"https:\/\/www.cordobatimes.com\/showup\/wp-json\/wp\/v2\/comments?post=105018"}],"version-history":[{"count":0,"href":"https:\/\/www.cordobatimes.com\/showup\/wp-json\/wp\/v2\/posts\/105018\/revisions"}],"wp:featuredmedia":[{"embeddable":true,"href":"https:\/\/www.cordobatimes.com\/showup\/wp-json\/wp\/v2\/media\/105021"}],"wp:attachment":[{"href":"https:\/\/www.cordobatimes.com\/showup\/wp-json\/wp\/v2\/media?parent=105018"}],"wp:term":[{"taxonomy":"category","embeddable":true,"href":"https:\/\/www.cordobatimes.com\/showup\/wp-json\/wp\/v2\/categories?post=105018"},{"taxonomy":"post_tag","embeddable":true,"href":"https:\/\/www.cordobatimes.com\/showup\/wp-json\/wp\/v2\/tags?post=105018"}],"curies":[{"name":"wp","href":"https:\/\/api.w.org\/{rel}","templated":true}]}}