{"id":104857,"date":"2025-11-28T09:30:41","date_gmt":"2025-11-28T12:30:41","guid":{"rendered":"https:\/\/www.cordobatimes.com\/showup\/?p=104857"},"modified":"2025-11-28T09:30:41","modified_gmt":"2025-11-28T12:30:41","slug":"lenny-kravitz-vive-un-incomodo-momento-en-pleno-show-una-fan-le-arranco-rastas-del-pelo","status":"publish","type":"post","link":"https:\/\/www.cordobatimes.com\/showup\/famosos\/2025\/11\/28\/lenny-kravitz-vive-un-incomodo-momento-en-pleno-show-una-fan-le-arranco-rastas-del-pelo\/","title":{"rendered":"Lenny Kravitz vive un inc\u00f3modo momento en pleno show: una fan le arranc\u00f3 rastas del pelo"},"content":{"rendered":"<h3 data-start=\"245\" data-end=\"490\"><strong>Lenny Kravitz protagoniz\u00f3 una situaci\u00f3n tan inesperada como inc\u00f3moda durante uno de sus \u00faltimos conciertos, cuando una fan, en pleno entusiasmo, termin\u00f3 arranc\u00e1ndole algunas de sus ic\u00f3nicas rastas mientras el cantante se acercaba al p\u00fablico.<\/strong><\/h3>\n<p data-start=\"492\" data-end=\"780\">El momento qued\u00f3 registrado por varios asistentes y r\u00e1pidamente se viraliz\u00f3. En las im\u00e1genes se ve a Kravitz inclin\u00e1ndose hacia la primera fila para saludar, cuando una fan lo toma del pelo con demasiada fuerza y se lleva consigo varias rastas, dejando al m\u00fasico visiblemente sorprendido.<\/p>\n<p data-start=\"782\" data-end=\"1000\">Lejos de enojarse, Lenny decidi\u00f3 tomarse el episodio con humor y reaccion\u00f3 en sus redes sociales con una frase que ya dio la vuelta al mundo:<br data-start=\"923\" data-end=\"926\" \/><strong data-start=\"926\" data-end=\"1000\">\u201c\u00bfSabes lo fuerte que tienes que tirar para sacarme eso de la cabeza?\u201d<\/strong><\/p>\n<p data-start=\"1002\" data-end=\"1293\">El comentario desat\u00f3 miles de respuestas, memes y mensajes de apoyo, celebrando la buena onda del artista ante un momento que podr\u00eda haber terminado mal. A sus 60 a\u00f1os, Kravitz vuelve a demostrar su carisma, cercan\u00eda con el p\u00fablico y esa capacidad \u00fanica de re\u00edrse incluso de los imprevistos.<\/p>\n<p data-start=\"1295\" data-end=\"1484\">El show continu\u00f3 con normalidad y el cantante no hizo m\u00e1s referencias al incidente durante el concierto, aunque sus fans ya lo convirtieron en uno de los momentos m\u00e1s comentados de su gira.<\/p>\n<div style=\"width: 480px;\" class=\"wp-video\"><video class=\"wp-video-shortcode\" id=\"video-104857-1\" width=\"480\" height=\"864\" preload=\"metadata\" controls=\"controls\"><source type=\"video\/mp4\" src=\"http:\/\/www.cordobatimes.com\/showup\/wp-content\/uploads\/2025\/11\/WhatsApp-Video-2025-11-28-at-7.52.48-AM.mp4?_=1\" \/><a href=\"http:\/\/www.cordobatimes.com\/showup\/wp-content\/uploads\/2025\/11\/WhatsApp-Video-2025-11-28-at-7.52.48-AM.mp4\">http:\/\/www.cordobatimes.com\/showup\/wp-content\/uploads\/2025\/11\/WhatsApp-Video-2025-11-28-at-7.52.48-AM.mp4<\/a><\/video><\/div>\n","protected":false},"excerpt":{"rendered":"<p>Lenny Kravitz protagoniz\u00f3 una situaci\u00f3n tan inesperada como inc\u00f3moda durante uno de sus \u00faltimos conciertos, cuando una fan, en pleno entusiasmo, termin\u00f3 arranc\u00e1ndole algunas de sus ic\u00f3nicas rastas mientras el cantante se acercaba al p\u00fablico. El momento qued\u00f3 registrado por varios asistentes y r\u00e1pidamente se viraliz\u00f3. En las im\u00e1genes se ve a Kravitz inclin\u00e1ndose hacia [&hellip;]<\/p>\n","protected":false},"author":24,"featured_media":104860,"comment_status":"closed","ping_status":"closed","sticky":false,"template":"","format":"standard","meta":{"_seopress_robots_primary_cat":"none","_seopress_titles_title":"","_seopress_titles_desc":"","_seopress_robots_index":"","footnotes":""},"categories":[12967,4],"tags":[40596,40597],"class_list":{"0":"post-104857","1":"post","2":"type-post","3":"status-publish","4":"format-standard","5":"has-post-thumbnail","7":"category-destacada","8":"category-famosos","9":"tag-lenny-kravitz","10":"tag-lenny-kravitz-una-fan-le-arranco-rastas-del-pelo"},"_links":{"self":[{"href":"https:\/\/www.cordobatimes.com\/showup\/wp-json\/wp\/v2\/posts\/104857","targetHints":{"allow":["GET"]}}],"collection":[{"href":"https:\/\/www.cordobatimes.com\/showup\/wp-json\/wp\/v2\/posts"}],"about":[{"href":"https:\/\/www.cordobatimes.com\/showup\/wp-json\/wp\/v2\/types\/post"}],"author":[{"embeddable":true,"href":"https:\/\/www.cordobatimes.com\/showup\/wp-json\/wp\/v2\/users\/24"}],"replies":[{"embeddable":true,"href":"https:\/\/www.cordobatimes.com\/showup\/wp-json\/wp\/v2\/comments?post=104857"}],"version-history":[{"count":0,"href":"https:\/\/www.cordobatimes.com\/showup\/wp-json\/wp\/v2\/posts\/104857\/revisions"}],"wp:featuredmedia":[{"embeddable":true,"href":"https:\/\/www.cordobatimes.com\/showup\/wp-json\/wp\/v2\/media\/104860"}],"wp:attachment":[{"href":"https:\/\/www.cordobatimes.com\/showup\/wp-json\/wp\/v2\/media?parent=104857"}],"wp:term":[{"taxonomy":"category","embeddable":true,"href":"https:\/\/www.cordobatimes.com\/showup\/wp-json\/wp\/v2\/categories?post=104857"},{"taxonomy":"post_tag","embeddable":true,"href":"https:\/\/www.cordobatimes.com\/showup\/wp-json\/wp\/v2\/tags?post=104857"}],"curies":[{"name":"wp","href":"https:\/\/api.w.org\/{rel}","templated":true}]}}