{"id":104830,"date":"2025-11-27T21:17:04","date_gmt":"2025-11-28T00:17:04","guid":{"rendered":"https:\/\/www.cordobatimes.com\/showup\/?p=104830"},"modified":"2025-11-27T21:21:02","modified_gmt":"2025-11-28T00:21:02","slug":"griselda-siciliani-confirmo-la-cuarta-y-ultima-temporada-de-envidiosa","status":"publish","type":"post","link":"https:\/\/www.cordobatimes.com\/showup\/cine-y-series\/2025\/11\/27\/griselda-siciliani-confirmo-la-cuarta-y-ultima-temporada-de-envidiosa\/","title":{"rendered":"Griselda Siciliani confirm\u00f3 la cuarta y \u00faltima temporada de Envidiosa"},"content":{"rendered":"<h3 data-start=\"182\" data-end=\"387\"><strong>Griselda Siciliani sorprendi\u00f3 este jueves en <em data-start=\"227\" data-end=\"249\">\u00c1ngel Responde Bondi<\/em> al confirmar una primicia que nadie esperaba: <em data-start=\"296\" data-end=\"307\">Envidiosa<\/em> tendr\u00e1 una cuarta y \u00faltima temporada, ya filmada y completamente terminada.<\/strong><\/h3>\n<p data-start=\"389\" data-end=\"758\">La actriz cont\u00f3 que la noticia le sali\u00f3 \u201cpor intuici\u00f3n\u201d, pero que efectivamente la serie ya cerr\u00f3 su ciclo. \u201cHay cuarta y \u00faltima temporada. Termin\u00f3 y ya est\u00e1 hecha\u201d, dijo, dejando claro que no habr\u00e1 quinta entrega. Incluso revel\u00f3 que el elenco termin\u00f3 de grabar todo sin que todav\u00eda exista una fecha oficial de estreno: \u201cNo s\u00e9 cu\u00e1ndo es, porque no me lo dicen ni a m\u00ed\u201d.<\/p>\n<p data-start=\"760\" data-end=\"949\">Cuando \u00c1ngel de Brito reaccion\u00f3 sorprendido y lament\u00f3 que termine, Siciliani reafirm\u00f3 que el final ya est\u00e1 decidido: \u201cLa cuarta temporada es una locura, pero es el cierre. La cuarta y fin\u201d.<\/p>\n<p data-start=\"951\" data-end=\"1137\">Seg\u00fan adelant\u00f3, esta temporada llega con una trama \u201cbomba\u201d, que promete ser explosiva y dejar a los fans m\u00e1s que satisfechos con la despedida de uno de los \u00e9xitos locales m\u00e1s comentados.<\/p>\n<div style=\"width: 696px;\" class=\"wp-video\"><video class=\"wp-video-shortcode\" id=\"video-104830-1\" width=\"696\" height=\"1237\" preload=\"metadata\" controls=\"controls\"><source type=\"video\/mp4\" src=\"http:\/\/www.cordobatimes.com\/showup\/wp-content\/uploads\/2025\/11\/ssstwitter.com_1764285060277.mp4?_=1\" \/><a href=\"http:\/\/www.cordobatimes.com\/showup\/wp-content\/uploads\/2025\/11\/ssstwitter.com_1764285060277.mp4\">http:\/\/www.cordobatimes.com\/showup\/wp-content\/uploads\/2025\/11\/ssstwitter.com_1764285060277.mp4<\/a><\/video><\/div>\n","protected":false},"excerpt":{"rendered":"<p>Griselda Siciliani sorprendi\u00f3 este jueves en \u00c1ngel Responde Bondi al confirmar una primicia que nadie esperaba: Envidiosa tendr\u00e1 una cuarta y \u00faltima temporada, ya filmada y completamente terminada. La actriz cont\u00f3 que la noticia le sali\u00f3 \u201cpor intuici\u00f3n\u201d, pero que efectivamente la serie ya cerr\u00f3 su ciclo. \u201cHay cuarta y \u00faltima temporada. Termin\u00f3 y ya [&hellip;]<\/p>\n","protected":false},"author":24,"featured_media":104833,"comment_status":"closed","ping_status":"closed","sticky":false,"template":"","format":"standard","meta":{"_seopress_robots_primary_cat":"none","_seopress_titles_title":"","_seopress_titles_desc":"","_seopress_robots_index":"","footnotes":""},"categories":[3],"tags":[40587,40575,40589,40588],"class_list":{"0":"post-104830","1":"post","2":"type-post","3":"status-publish","4":"format-standard","5":"has-post-thumbnail","7":"category-cine-y-series","8":"tag-cuarta-y-ultima-temporada-de-envidiosa","9":"tag-envidiosa","10":"tag-griselda-siciliani-envidiosa","11":"tag-ultima-temporada-de-envidiosa"},"_links":{"self":[{"href":"https:\/\/www.cordobatimes.com\/showup\/wp-json\/wp\/v2\/posts\/104830","targetHints":{"allow":["GET"]}}],"collection":[{"href":"https:\/\/www.cordobatimes.com\/showup\/wp-json\/wp\/v2\/posts"}],"about":[{"href":"https:\/\/www.cordobatimes.com\/showup\/wp-json\/wp\/v2\/types\/post"}],"author":[{"embeddable":true,"href":"https:\/\/www.cordobatimes.com\/showup\/wp-json\/wp\/v2\/users\/24"}],"replies":[{"embeddable":true,"href":"https:\/\/www.cordobatimes.com\/showup\/wp-json\/wp\/v2\/comments?post=104830"}],"version-history":[{"count":0,"href":"https:\/\/www.cordobatimes.com\/showup\/wp-json\/wp\/v2\/posts\/104830\/revisions"}],"wp:featuredmedia":[{"embeddable":true,"href":"https:\/\/www.cordobatimes.com\/showup\/wp-json\/wp\/v2\/media\/104833"}],"wp:attachment":[{"href":"https:\/\/www.cordobatimes.com\/showup\/wp-json\/wp\/v2\/media?parent=104830"}],"wp:term":[{"taxonomy":"category","embeddable":true,"href":"https:\/\/www.cordobatimes.com\/showup\/wp-json\/wp\/v2\/categories?post=104830"},{"taxonomy":"post_tag","embeddable":true,"href":"https:\/\/www.cordobatimes.com\/showup\/wp-json\/wp\/v2\/tags?post=104830"}],"curies":[{"name":"wp","href":"https:\/\/api.w.org\/{rel}","templated":true}]}}