{"id":104812,"date":"2025-11-27T13:25:33","date_gmt":"2025-11-27T16:25:33","guid":{"rendered":"https:\/\/www.cordobatimes.com\/showup\/?p=104812"},"modified":"2025-11-27T13:26:41","modified_gmt":"2025-11-27T16:26:41","slug":"hbo-max-reunio-a-ricardo-darin-gaston-pauls-y-leticia-bredice-para-9-auras","status":"publish","type":"post","link":"https:\/\/www.cordobatimes.com\/showup\/cine-y-series\/2025\/11\/27\/hbo-max-reunio-a-ricardo-darin-gaston-pauls-y-leticia-bredice-para-9-auras\/","title":{"rendered":"HBO Max reuni\u00f3 a Ricardo Dar\u00edn, Gast\u00f3n Pauls y Leticia Br\u00e9dice para \u201c9 Auras\u201d"},"content":{"rendered":"<h3 data-start=\"322\" data-end=\"632\"><strong>HBO Max public\u00f3 un video especial del reencuentro entre Ricardo Dar\u00edn, Gast\u00f3n Pauls y Leticia Br\u00e9dice, quienes volvieron a verse para grabar <em data-start=\"463\" data-end=\"472\">9 Auras<\/em>, el documental que explora el universo creativo de Fabi\u00e1n Bielinsky y revive el detr\u00e1s de escena de sus dos obras m\u00e1s emblem\u00e1ticas: <em data-start=\"605\" data-end=\"619\">Nueve Reinas<\/em> y <em data-start=\"622\" data-end=\"631\">El Aura<\/em>.<\/strong><\/h3>\n<p data-start=\"634\" data-end=\"1004\">En el adelanto se los ve conversando, recordando an\u00e9cdotas de rodaje y compartiendo el impacto que las pel\u00edculas tuvieron en sus carreras y en el cine argentino. El proyecto propone revisitar el m\u00e9todo de trabajo del recordado director, su forma de narrar, su estilo y su legado art\u00edstico, que marc\u00f3 una \u00e9poca y contin\u00faa influyendo a nuevas generaciones de realizadores.<\/p>\n<p data-start=\"1006\" data-end=\"1222\">\u201c9 Auras\u201d se perfila como uno de los estrenos documentales m\u00e1s esperados, especialmente para los fan\u00e1ticos del cine nacional y para quienes consideran a Bielinsky como uno de los grandes nombres de nuestra industria.<\/p>\n<div style=\"width: 480px;\" class=\"wp-video\"><video class=\"wp-video-shortcode\" id=\"video-104812-1\" width=\"480\" height=\"852\" preload=\"metadata\" controls=\"controls\"><source type=\"video\/mp4\" src=\"http:\/\/www.cordobatimes.com\/showup\/wp-content\/uploads\/2025\/11\/ssstwitter.com_1764260028462.mp4?_=1\" \/><a href=\"http:\/\/www.cordobatimes.com\/showup\/wp-content\/uploads\/2025\/11\/ssstwitter.com_1764260028462.mp4\">http:\/\/www.cordobatimes.com\/showup\/wp-content\/uploads\/2025\/11\/ssstwitter.com_1764260028462.mp4<\/a><\/video><\/div>\n","protected":false},"excerpt":{"rendered":"<p>HBO Max public\u00f3 un video especial del reencuentro entre Ricardo Dar\u00edn, Gast\u00f3n Pauls y Leticia Br\u00e9dice, quienes volvieron a verse para grabar 9 Auras, el documental que explora el universo creativo de Fabi\u00e1n Bielinsky y revive el detr\u00e1s de escena de sus dos obras m\u00e1s emblem\u00e1ticas: Nueve Reinas y El Aura. En el adelanto se [&hellip;]<\/p>\n","protected":false},"author":24,"featured_media":104815,"comment_status":"closed","ping_status":"closed","sticky":false,"template":"","format":"standard","meta":{"_seopress_robots_primary_cat":"none","_seopress_titles_title":"","_seopress_titles_desc":"","_seopress_robots_index":"","footnotes":""},"categories":[3],"tags":[40578,40582,40581,40583,40584,40580,40579,411],"class_list":{"0":"post-104812","1":"post","2":"type-post","3":"status-publish","4":"format-standard","5":"has-post-thumbnail","7":"category-cine-y-series","8":"tag-9-auras","9":"tag-documental-9-auras","10":"tag-el-aura","11":"tag-gaston-pauls","12":"tag-leticia-bredice","13":"tag-nueve-reinas","14":"tag-nueve-reinas-y-el-aura","15":"tag-ricardo-darin"},"_links":{"self":[{"href":"https:\/\/www.cordobatimes.com\/showup\/wp-json\/wp\/v2\/posts\/104812","targetHints":{"allow":["GET"]}}],"collection":[{"href":"https:\/\/www.cordobatimes.com\/showup\/wp-json\/wp\/v2\/posts"}],"about":[{"href":"https:\/\/www.cordobatimes.com\/showup\/wp-json\/wp\/v2\/types\/post"}],"author":[{"embeddable":true,"href":"https:\/\/www.cordobatimes.com\/showup\/wp-json\/wp\/v2\/users\/24"}],"replies":[{"embeddable":true,"href":"https:\/\/www.cordobatimes.com\/showup\/wp-json\/wp\/v2\/comments?post=104812"}],"version-history":[{"count":0,"href":"https:\/\/www.cordobatimes.com\/showup\/wp-json\/wp\/v2\/posts\/104812\/revisions"}],"wp:featuredmedia":[{"embeddable":true,"href":"https:\/\/www.cordobatimes.com\/showup\/wp-json\/wp\/v2\/media\/104815"}],"wp:attachment":[{"href":"https:\/\/www.cordobatimes.com\/showup\/wp-json\/wp\/v2\/media?parent=104812"}],"wp:term":[{"taxonomy":"category","embeddable":true,"href":"https:\/\/www.cordobatimes.com\/showup\/wp-json\/wp\/v2\/categories?post=104812"},{"taxonomy":"post_tag","embeddable":true,"href":"https:\/\/www.cordobatimes.com\/showup\/wp-json\/wp\/v2\/tags?post=104812"}],"curies":[{"name":"wp","href":"https:\/\/api.w.org\/{rel}","templated":true}]}}