{"id":104795,"date":"2025-11-27T10:59:30","date_gmt":"2025-11-27T13:59:30","guid":{"rendered":"https:\/\/www.cordobatimes.com\/showup\/?p=104795"},"modified":"2025-11-27T10:59:30","modified_gmt":"2025-11-27T13:59:30","slug":"masivo-repudio-a-chiqui-tapia-en-el-recital-de-andres-calamaro-en-el-movistar-arena","status":"publish","type":"post","link":"https:\/\/www.cordobatimes.com\/showup\/espectaculos\/2025\/11\/27\/masivo-repudio-a-chiqui-tapia-en-el-recital-de-andres-calamaro-en-el-movistar-arena\/","title":{"rendered":"Masivo repudio a Chiqui Tapia en el recital de Andr\u00e9s Calamaro en el Movistar Arena"},"content":{"rendered":"<h3 data-start=\"216\" data-end=\"498\"><strong>Lo que comenz\u00f3 como una noche de m\u00fasica, nostalgia y fervor rockero termin\u00f3 sumando un inesperado componente futbolero: un masivo repudio hacia Claudio \u201cChiqui\u201d Tapia, presidente de la AFA, que estall\u00f3 entre parte del p\u00fablico durante el show de Andr\u00e9s Calamaro en el Movistar Arena.<\/strong><\/h3>\n<p data-start=\"500\" data-end=\"812\">En plena euforia colectiva, un sector del estadio comenz\u00f3 a entonar el cl\u00e1sico canto futbolero \u201c<strong data-start=\"596\" data-end=\"618\">Chiqui Tapia bot\u00f3n<\/strong>\u201d, una frase cargada de cr\u00edtica que se viraliza cada vez m\u00e1s en el contexto actual del f\u00fatbol argentino, marcado por pol\u00e9micas, conflictos institucionales y un clima de descontento generalizado.<\/p>\n<p data-start=\"814\" data-end=\"1251\">El episodio tom\u00f3 fuerza r\u00e1pidamente: primero fueron unas pocas voces, pero en cuesti\u00f3n de segundos el c\u00e1ntico se amplific\u00f3 y varios sectores del recinto se sumaron, generando un momento que llam\u00f3 la atenci\u00f3n por su intensidad y por el contraste con la energ\u00eda del show. Si bien Andr\u00e9s Calamaro no hizo referencia directa a la situaci\u00f3n, tampoco intervino para frenarla, permitiendo que el p\u00fablico expresara su postura sin interrupciones.<\/p>\n<p data-start=\"1253\" data-end=\"1552\">En redes sociales, la escena no tard\u00f3 en convertirse en tendencia. Los videos grabados desde distintos puntos del Movistar Arena reflejan el mismo fen\u00f3meno: una reacci\u00f3n espont\u00e1nea que expone el malestar de parte de los hinchas y seguidores del f\u00fatbol argentino hacia la conducci\u00f3n actual de la AFA.<\/p>\n<p data-start=\"1554\" data-end=\"1889\">El repudio en un recital \u2014un espacio ajeno a la cancha\u2014 demuestra que la tensi\u00f3n que atraviesa el f\u00fatbol excede lo deportivo y se cuela tambi\u00e9n en eventos culturales masivos. La viralizaci\u00f3n del momento, sumada a los debates que gener\u00f3, confirma que el nombre de Chiqui Tapia sigue ocupando un lugar central en la conversaci\u00f3n p\u00fablica.<\/p>\n<div style=\"width: 320px;\" class=\"wp-video\"><video class=\"wp-video-shortcode\" id=\"video-104795-1\" width=\"320\" height=\"562\" preload=\"metadata\" controls=\"controls\"><source type=\"video\/mp4\" src=\"http:\/\/www.cordobatimes.com\/showup\/wp-content\/uploads\/2025\/11\/ssstwitter.com_1764251127685.mp4?_=1\" \/><a href=\"http:\/\/www.cordobatimes.com\/showup\/wp-content\/uploads\/2025\/11\/ssstwitter.com_1764251127685.mp4\">http:\/\/www.cordobatimes.com\/showup\/wp-content\/uploads\/2025\/11\/ssstwitter.com_1764251127685.mp4<\/a><\/video><\/div>\n","protected":false},"excerpt":{"rendered":"<p>Lo que comenz\u00f3 como una noche de m\u00fasica, nostalgia y fervor rockero termin\u00f3 sumando un inesperado componente futbolero: un masivo repudio hacia Claudio \u201cChiqui\u201d Tapia, presidente de la AFA, que estall\u00f3 entre parte del p\u00fablico durante el show de Andr\u00e9s Calamaro en el Movistar Arena. En plena euforia colectiva, un sector del estadio comenz\u00f3 a [&hellip;]<\/p>\n","protected":false},"author":24,"featured_media":104799,"comment_status":"closed","ping_status":"closed","sticky":false,"template":"","format":"standard","meta":{"_seopress_robots_primary_cat":"none","_seopress_titles_title":"","_seopress_titles_desc":"","_seopress_robots_index":"","footnotes":""},"categories":[10],"tags":[40572,40571,40570,40569],"class_list":{"0":"post-104795","1":"post","2":"type-post","3":"status-publish","4":"format-standard","5":"has-post-thumbnail","7":"category-espectaculos","8":"tag-chiqui-tapia-boton","9":"tag-recital-de-andres-calamaro-en-el-movistar-arena","10":"tag-repudio-a-chiqui-tapia","11":"tag-repudio-a-chiqui-tapia-en-el-recital-de-andres-calamaro"},"_links":{"self":[{"href":"https:\/\/www.cordobatimes.com\/showup\/wp-json\/wp\/v2\/posts\/104795","targetHints":{"allow":["GET"]}}],"collection":[{"href":"https:\/\/www.cordobatimes.com\/showup\/wp-json\/wp\/v2\/posts"}],"about":[{"href":"https:\/\/www.cordobatimes.com\/showup\/wp-json\/wp\/v2\/types\/post"}],"author":[{"embeddable":true,"href":"https:\/\/www.cordobatimes.com\/showup\/wp-json\/wp\/v2\/users\/24"}],"replies":[{"embeddable":true,"href":"https:\/\/www.cordobatimes.com\/showup\/wp-json\/wp\/v2\/comments?post=104795"}],"version-history":[{"count":0,"href":"https:\/\/www.cordobatimes.com\/showup\/wp-json\/wp\/v2\/posts\/104795\/revisions"}],"wp:featuredmedia":[{"embeddable":true,"href":"https:\/\/www.cordobatimes.com\/showup\/wp-json\/wp\/v2\/media\/104799"}],"wp:attachment":[{"href":"https:\/\/www.cordobatimes.com\/showup\/wp-json\/wp\/v2\/media?parent=104795"}],"wp:term":[{"taxonomy":"category","embeddable":true,"href":"https:\/\/www.cordobatimes.com\/showup\/wp-json\/wp\/v2\/categories?post=104795"},{"taxonomy":"post_tag","embeddable":true,"href":"https:\/\/www.cordobatimes.com\/showup\/wp-json\/wp\/v2\/tags?post=104795"}],"curies":[{"name":"wp","href":"https:\/\/api.w.org\/{rel}","templated":true}]}}