{"id":104779,"date":"2025-11-27T09:00:23","date_gmt":"2025-11-27T12:00:23","guid":{"rendered":"https:\/\/www.cordobatimes.com\/showup\/?p=104779"},"modified":"2025-11-27T09:00:23","modified_gmt":"2025-11-27T12:00:23","slug":"valu-cervantes-se-despide-de-masterchef-celebrity-mi-familia-me-necesita","status":"publish","type":"post","link":"https:\/\/www.cordobatimes.com\/showup\/tv\/2025\/11\/27\/valu-cervantes-se-despide-de-masterchef-celebrity-mi-familia-me-necesita\/","title":{"rendered":"Valu Cervantes se despide de MasterChef Celebrity: \u201cMi familia me necesita\u201d"},"content":{"rendered":"<h3 data-start=\"168\" data-end=\"458\"><strong>Entre aplausos, abrazos y l\u00e1grimas, Valu Cervantes vivi\u00f3 una emotiva despedida de <em data-start=\"250\" data-end=\"272\">MasterChef Celebrity<\/em>. La participante decidi\u00f3 retirarse del certamen por motivos personales, priorizando a su familia: \u201cMi familia me necesita\u201d, explic\u00f3 mientras se desped\u00eda del resto de los competidores.<\/strong><\/h3>\n<p data-start=\"460\" data-end=\"824\">La noche de su salida estuvo marcada por un ambiente cargado de emociones. El equipo de producci\u00f3n, sus compa\u00f1eros y jurados no pudieron contener las l\u00e1grimas al ver a Valu dejar la cocina. Adem\u00e1s, se destac\u00f3 su \u00faltimo plato, considerado por los jueces como <strong data-start=\"718\" data-end=\"744\">\u201cel mejor de la noche\u201d<\/strong>, un broche de oro que demostr\u00f3 todo su talento culinario antes de su partida.<\/p>\n<p data-start=\"826\" data-end=\"1104\">Valu ingres\u00f3 a <em data-start=\"841\" data-end=\"863\">MasterChef Celebrity<\/em> con carisma y creatividad, conquistando tanto al p\u00fablico como a los jurados. Su decisi\u00f3n de retirarse, aunque inesperada, refleja el compromiso con su familia y la importancia de equilibrar la vida personal con los desaf\u00edos profesionales.<\/p>\n<p data-start=\"1106\" data-end=\"1381\">El espacio que deja en la competencia ser\u00e1 recordado por su energ\u00eda, sus recetas originales y la conexi\u00f3n genuina con todos los participantes. Mientras tanto, los fans ya se preguntan qui\u00e9n tomar\u00e1 su lugar y c\u00f3mo seguir\u00e1 desarroll\u00e1ndose la temporada tras su emotiva salida.<\/p>\n<div style=\"width: 640px;\" class=\"wp-video\"><video class=\"wp-video-shortcode\" id=\"video-104779-1\" width=\"640\" height=\"360\" preload=\"metadata\" controls=\"controls\"><source type=\"video\/mp4\" src=\"http:\/\/www.cordobatimes.com\/showup\/wp-content\/uploads\/2025\/11\/WhatsApp-Video-2025-11-27-at-6.34.32-AM.mp4?_=1\" \/><a href=\"http:\/\/www.cordobatimes.com\/showup\/wp-content\/uploads\/2025\/11\/WhatsApp-Video-2025-11-27-at-6.34.32-AM.mp4\">http:\/\/www.cordobatimes.com\/showup\/wp-content\/uploads\/2025\/11\/WhatsApp-Video-2025-11-27-at-6.34.32-AM.mp4<\/a><\/video><\/div>\n","protected":false},"excerpt":{"rendered":"<p>Entre aplausos, abrazos y l\u00e1grimas, Valu Cervantes vivi\u00f3 una emotiva despedida de MasterChef Celebrity. La participante decidi\u00f3 retirarse del certamen por motivos personales, priorizando a su familia: \u201cMi familia me necesita\u201d, explic\u00f3 mientras se desped\u00eda del resto de los competidores. La noche de su salida estuvo marcada por un ambiente cargado de emociones. El equipo [&hellip;]<\/p>\n","protected":false},"author":24,"featured_media":104782,"comment_status":"closed","ping_status":"closed","sticky":false,"template":"","format":"standard","meta":{"_seopress_robots_primary_cat":"none","_seopress_titles_title":"","_seopress_titles_desc":"","_seopress_robots_index":"","footnotes":""},"categories":[12967,2],"tags":[40564,40563],"class_list":{"0":"post-104779","1":"post","2":"type-post","3":"status-publish","4":"format-standard","5":"has-post-thumbnail","7":"category-destacada","8":"category-tv","9":"tag-valu-cervantes-masterchef-celebrity","10":"tag-valu-cervantes-se-despide-de-masterchef-celebrity"},"_links":{"self":[{"href":"https:\/\/www.cordobatimes.com\/showup\/wp-json\/wp\/v2\/posts\/104779","targetHints":{"allow":["GET"]}}],"collection":[{"href":"https:\/\/www.cordobatimes.com\/showup\/wp-json\/wp\/v2\/posts"}],"about":[{"href":"https:\/\/www.cordobatimes.com\/showup\/wp-json\/wp\/v2\/types\/post"}],"author":[{"embeddable":true,"href":"https:\/\/www.cordobatimes.com\/showup\/wp-json\/wp\/v2\/users\/24"}],"replies":[{"embeddable":true,"href":"https:\/\/www.cordobatimes.com\/showup\/wp-json\/wp\/v2\/comments?post=104779"}],"version-history":[{"count":0,"href":"https:\/\/www.cordobatimes.com\/showup\/wp-json\/wp\/v2\/posts\/104779\/revisions"}],"wp:featuredmedia":[{"embeddable":true,"href":"https:\/\/www.cordobatimes.com\/showup\/wp-json\/wp\/v2\/media\/104782"}],"wp:attachment":[{"href":"https:\/\/www.cordobatimes.com\/showup\/wp-json\/wp\/v2\/media?parent=104779"}],"wp:term":[{"taxonomy":"category","embeddable":true,"href":"https:\/\/www.cordobatimes.com\/showup\/wp-json\/wp\/v2\/categories?post=104779"},{"taxonomy":"post_tag","embeddable":true,"href":"https:\/\/www.cordobatimes.com\/showup\/wp-json\/wp\/v2\/tags?post=104779"}],"curies":[{"name":"wp","href":"https:\/\/api.w.org\/{rel}","templated":true}]}}