{"id":104741,"date":"2025-11-26T10:58:04","date_gmt":"2025-11-26T13:58:04","guid":{"rendered":"https:\/\/www.cordobatimes.com\/showup\/?p=104741"},"modified":"2025-11-26T10:58:05","modified_gmt":"2025-11-26T13:58:05","slug":"primer-trailer-de-la-segunda-temporada-de-margarita","status":"publish","type":"post","link":"https:\/\/www.cordobatimes.com\/showup\/cine-y-series\/2025\/11\/26\/primer-trailer-de-la-segunda-temporada-de-margarita\/","title":{"rendered":"Primer tr\u00e1iler de la segunda temporada de \u201cMARGARITA\u201d"},"content":{"rendered":"<h3 data-start=\"130\" data-end=\"485\"><strong>Los fan\u00e1ticos de <em data-start=\"147\" data-end=\"158\">Margarita<\/em> ya tienen un motivo enorme para celebrar: se lanz\u00f3 oficialmente el primer tr\u00e1iler de la segunda temporada y las redes estallaron de emoci\u00f3n. El adelanto marca el regreso del universo creado por Cris Morena, con una historia que promete ser m\u00e1s intensa, m\u00e1s emocional y con giros que mantendr\u00e1n al fandom atento a cada detalle.<\/strong><\/h3>\n<p data-start=\"487\" data-end=\"917\">El tr\u00e1iler muestra una est\u00e9tica m\u00e1s madura, nuevos escenarios y un desarrollo m\u00e1s profundo de los conflictos personales de sus protagonistas. Margarita, Rey, Daisy, Pipe y Merl\u00edn vuelven completamente renovados, enfrentando secretos familiares, dudas, romances y desaf\u00edos que marcar\u00e1n esta nueva etapa. La producci\u00f3n apuesta fuerte con m\u00e1s de 30 canciones nuevas y un despliegue visual que incluye m\u00e1s de 60 locaciones diferentes.<\/p>\n<p data-start=\"919\" data-end=\"1183\">Si bien todav\u00eda no hay fecha exacta de estreno, este primer adelanto confirma que la temporada viene cargada de emoci\u00f3n, misterio, m\u00fasica y todo ese ADN inconfundible del universo Cris Morena. El fandom ya la posiciona como una de las series m\u00e1s esperadas del a\u00f1o.<\/p>\n<p data-start=\"1185\" data-end=\"1236\"><em data-start=\"1185\" data-end=\"1196\">Margarita<\/em> vuelve, y lo hace m\u00e1s grande que nunca.<\/p>\n<div style=\"width: 696px;\" class=\"wp-video\"><video class=\"wp-video-shortcode\" id=\"video-104741-1\" width=\"696\" height=\"392\" preload=\"metadata\" controls=\"controls\"><source type=\"video\/mp4\" src=\"http:\/\/www.cordobatimes.com\/showup\/wp-content\/uploads\/2025\/11\/ssstwitter.com_1764164554709.mp4?_=1\" \/><a href=\"http:\/\/www.cordobatimes.com\/showup\/wp-content\/uploads\/2025\/11\/ssstwitter.com_1764164554709.mp4\">http:\/\/www.cordobatimes.com\/showup\/wp-content\/uploads\/2025\/11\/ssstwitter.com_1764164554709.mp4<\/a><\/video><\/div>\n","protected":false},"excerpt":{"rendered":"<p>Los fan\u00e1ticos de Margarita ya tienen un motivo enorme para celebrar: se lanz\u00f3 oficialmente el primer tr\u00e1iler de la segunda temporada y las redes estallaron de emoci\u00f3n. El adelanto marca el regreso del universo creado por Cris Morena, con una historia que promete ser m\u00e1s intensa, m\u00e1s emocional y con giros que mantendr\u00e1n al fandom [&hellip;]<\/p>\n","protected":false},"author":24,"featured_media":104745,"comment_status":"closed","ping_status":"closed","sticky":false,"template":"","format":"standard","meta":{"_seopress_robots_primary_cat":"none","_seopress_titles_title":"","_seopress_titles_desc":"","_seopress_robots_index":"","footnotes":""},"categories":[3],"tags":[40549,40548],"class_list":{"0":"post-104741","1":"post","2":"type-post","3":"status-publish","4":"format-standard","5":"has-post-thumbnail","7":"category-cine-y-series","8":"tag-segunda-temporada-de-margarita","9":"tag-trailer-de-la-segunda-temporada-de-margarita"},"_links":{"self":[{"href":"https:\/\/www.cordobatimes.com\/showup\/wp-json\/wp\/v2\/posts\/104741","targetHints":{"allow":["GET"]}}],"collection":[{"href":"https:\/\/www.cordobatimes.com\/showup\/wp-json\/wp\/v2\/posts"}],"about":[{"href":"https:\/\/www.cordobatimes.com\/showup\/wp-json\/wp\/v2\/types\/post"}],"author":[{"embeddable":true,"href":"https:\/\/www.cordobatimes.com\/showup\/wp-json\/wp\/v2\/users\/24"}],"replies":[{"embeddable":true,"href":"https:\/\/www.cordobatimes.com\/showup\/wp-json\/wp\/v2\/comments?post=104741"}],"version-history":[{"count":0,"href":"https:\/\/www.cordobatimes.com\/showup\/wp-json\/wp\/v2\/posts\/104741\/revisions"}],"wp:featuredmedia":[{"embeddable":true,"href":"https:\/\/www.cordobatimes.com\/showup\/wp-json\/wp\/v2\/media\/104745"}],"wp:attachment":[{"href":"https:\/\/www.cordobatimes.com\/showup\/wp-json\/wp\/v2\/media?parent=104741"}],"wp:term":[{"taxonomy":"category","embeddable":true,"href":"https:\/\/www.cordobatimes.com\/showup\/wp-json\/wp\/v2\/categories?post=104741"},{"taxonomy":"post_tag","embeddable":true,"href":"https:\/\/www.cordobatimes.com\/showup\/wp-json\/wp\/v2\/tags?post=104741"}],"curies":[{"name":"wp","href":"https:\/\/api.w.org\/{rel}","templated":true}]}}