{"id":104718,"date":"2025-11-26T08:46:43","date_gmt":"2025-11-26T11:46:43","guid":{"rendered":"https:\/\/www.cordobatimes.com\/showup\/?p=104718"},"modified":"2025-11-26T08:46:44","modified_gmt":"2025-11-26T11:46:44","slug":"la-serie-de-don-ramon-aun-no-tiene-titulo-oficial-pero-hbo-max-ya-genera-expectativa","status":"publish","type":"post","link":"https:\/\/www.cordobatimes.com\/showup\/cine-y-series\/2025\/11\/26\/la-serie-de-don-ramon-aun-no-tiene-titulo-oficial-pero-hbo-max-ya-genera-expectativa\/","title":{"rendered":"La serie de Don Ram\u00f3n a\u00fan no tiene t\u00edtulo oficial, pero HBO Max ya genera expectativa"},"content":{"rendered":"<h3 data-start=\"191\" data-end=\"506\"><strong>El anuncio de HBO Max sobre una nueva serie inspirada en Don Ram\u00f3n, uno de los personajes m\u00e1s queridos de <em data-start=\"301\" data-end=\"317\">El Chavo del 8<\/em>, revolucion\u00f3 las redes y encendi\u00f3 la nostalgia en toda Latinoam\u00e9rica. Sin embargo, a pesar del entusiasmo del p\u00fablico, la plataforma todav\u00eda no confirm\u00f3 el t\u00edtulo oficial del proyecto.<\/strong><\/h3>\n<p data-start=\"508\" data-end=\"788\">La noticia fue presentada con la frase promocional <strong data-start=\"559\" data-end=\"597\">\u201c\u00a1Con permisito, llega Don Ram\u00f3n!\u201d<\/strong>, lo que gener\u00f3 confusi\u00f3n entre los fan\u00e1ticos, pero fuentes cercanas a la producci\u00f3n aclararon que se trata \u00fanicamente de un <strong data-start=\"722\" data-end=\"748\">eslogan de lanzamiento<\/strong>, no del nombre definitivo de la serie.<\/p>\n<p data-start=\"790\" data-end=\"1129\">Por el momento, HBO Max mantiene bajo reserva detalles clave como el t\u00edtulo, el elenco y la fecha exacta de estreno. Lo que s\u00ed se confirm\u00f3 es que la ficci\u00f3n busca <strong data-start=\"953\" data-end=\"1007\">rendir homenaje al esp\u00edritu original del personaje<\/strong>, inmortalizado por el actor Ram\u00f3n Vald\u00e9s, y adaptarlo para una nueva generaci\u00f3n que lo descubrir\u00e1 a trav\u00e9s del streaming.<\/p>\n<p data-start=\"1131\" data-end=\"1446\">La expectativa ya es enorme: Don Ram\u00f3n es uno de los personajes m\u00e1s ic\u00f3nicos del universo de Chespirito, y su regreso promete atraer tanto a los nost\u00e1lgicos como a nuevos espectadores. Mientras se espera el t\u00edtulo oficial, la frase \u201c\u00a1Con permisito!\u201d ya volvi\u00f3 a instalar al querido \u201cMonchito\u201d en la cultura popular.<\/p>\n<p data-start=\"1448\" data-end=\"1506\">HBO Max anunciar\u00e1 m\u00e1s informaci\u00f3n en las pr\u00f3ximas semanas.<\/p>\n","protected":false},"excerpt":{"rendered":"<p>El anuncio de HBO Max sobre una nueva serie inspirada en Don Ram\u00f3n, uno de los personajes m\u00e1s queridos de El Chavo del 8, revolucion\u00f3 las redes y encendi\u00f3 la nostalgia en toda Latinoam\u00e9rica. Sin embargo, a pesar del entusiasmo del p\u00fablico, la plataforma todav\u00eda no confirm\u00f3 el t\u00edtulo oficial del proyecto. La noticia fue [&hellip;]<\/p>\n","protected":false},"author":24,"featured_media":104721,"comment_status":"closed","ping_status":"closed","sticky":false,"template":"","format":"standard","meta":{"_seopress_robots_primary_cat":"none","_seopress_titles_title":"","_seopress_titles_desc":"","_seopress_robots_index":"","footnotes":""},"categories":[3],"tags":[40537,40538],"class_list":{"0":"post-104718","1":"post","2":"type-post","3":"status-publish","4":"format-standard","5":"has-post-thumbnail","7":"category-cine-y-series","8":"tag-serie-de-don-ramon","9":"tag-serie-de-don-ramon-hbo-max"},"_links":{"self":[{"href":"https:\/\/www.cordobatimes.com\/showup\/wp-json\/wp\/v2\/posts\/104718","targetHints":{"allow":["GET"]}}],"collection":[{"href":"https:\/\/www.cordobatimes.com\/showup\/wp-json\/wp\/v2\/posts"}],"about":[{"href":"https:\/\/www.cordobatimes.com\/showup\/wp-json\/wp\/v2\/types\/post"}],"author":[{"embeddable":true,"href":"https:\/\/www.cordobatimes.com\/showup\/wp-json\/wp\/v2\/users\/24"}],"replies":[{"embeddable":true,"href":"https:\/\/www.cordobatimes.com\/showup\/wp-json\/wp\/v2\/comments?post=104718"}],"version-history":[{"count":0,"href":"https:\/\/www.cordobatimes.com\/showup\/wp-json\/wp\/v2\/posts\/104718\/revisions"}],"wp:featuredmedia":[{"embeddable":true,"href":"https:\/\/www.cordobatimes.com\/showup\/wp-json\/wp\/v2\/media\/104721"}],"wp:attachment":[{"href":"https:\/\/www.cordobatimes.com\/showup\/wp-json\/wp\/v2\/media?parent=104718"}],"wp:term":[{"taxonomy":"category","embeddable":true,"href":"https:\/\/www.cordobatimes.com\/showup\/wp-json\/wp\/v2\/categories?post=104718"},{"taxonomy":"post_tag","embeddable":true,"href":"https:\/\/www.cordobatimes.com\/showup\/wp-json\/wp\/v2\/tags?post=104718"}],"curies":[{"name":"wp","href":"https:\/\/api.w.org\/{rel}","templated":true}]}}