{"id":104711,"date":"2025-11-26T08:30:48","date_gmt":"2025-11-26T11:30:48","guid":{"rendered":"https:\/\/www.cordobatimes.com\/showup\/?p=104711"},"modified":"2025-11-26T08:30:48","modified_gmt":"2025-11-26T11:30:48","slug":"la-masacre-de-flores-hbo-max-revive-uno-de-los-crimenes-mas-impactantes-de-argentina","status":"publish","type":"post","link":"https:\/\/www.cordobatimes.com\/showup\/cine-y-series\/2025\/11\/26\/la-masacre-de-flores-hbo-max-revive-uno-de-los-crimenes-mas-impactantes-de-argentina\/","title":{"rendered":"\u00abLa masacre de Flores\u201d: HBO Max revive uno de los cr\u00edmenes m\u00e1s impactantes de Argentina"},"content":{"rendered":"<h3 data-start=\"181\" data-end=\"493\"><strong>HBO Max confirm\u00f3 la producci\u00f3n de una docuserie basada en uno de los cr\u00edmenes m\u00e1s estremecedores de la Argentina: la Masacre de Flores, el incendio intencional ocurrido en 1994 que termin\u00f3 con la vida de los padres, los dos hermanos menores y un amigo de Mat\u00edas Bagnato, quien fue el \u00fanico sobreviviente.<\/strong><\/h3>\n<p data-start=\"495\" data-end=\"756\">La serie incluir\u00e1 el <strong data-start=\"516\" data-end=\"551\">testimonio exclusivo de Bagnato<\/strong>, reconstruyendo en primera persona la noche del ataque, el impacto emocional de la tragedia y los a\u00f1os de lucha que siguieron, tanto para obtener justicia como para volver a empezar despu\u00e9s de la p\u00e9rdida.<\/p>\n<p data-start=\"758\" data-end=\"1101\">El proyecto estar\u00e1 dirigido por <strong data-start=\"790\" data-end=\"814\">Juan Jos\u00e9 Campanella<\/strong>, una de las figuras m\u00e1s destacadas del cine argentino, en colaboraci\u00f3n con 100 Bares Producciones. La docuserie combinar\u00e1 <strong data-start=\"937\" data-end=\"1013\">material de archivo, entrevistas in\u00e9ditas y una reconstrucci\u00f3n detallada<\/strong> del caso, ofreciendo un relato profundo y humano sobre un hecho que conmocion\u00f3 al pa\u00eds.<\/p>\n<p data-start=\"1103\" data-end=\"1468\">HBO Max adelant\u00f3 que esta producci\u00f3n buscar\u00e1 no solo revisar el crimen, sino tambi\u00e9n poner en foco la historia de supervivencia de Bagnato y su transformaci\u00f3n en un referente de la lucha por los derechos de las v\u00edctimas. La serie promete generar un fuerte impacto social y reabrir el debate sobre uno de los episodios m\u00e1s dolorosos de la cr\u00f3nica policial argentina.<\/p>\n<p data-start=\"1470\" data-end=\"1530\">\u201cLa masacre de Flores\u201d llegar\u00e1 pr\u00f3ximamente a la plataforma.<\/p>\n","protected":false},"excerpt":{"rendered":"<p>HBO Max confirm\u00f3 la producci\u00f3n de una docuserie basada en uno de los cr\u00edmenes m\u00e1s estremecedores de la Argentina: la Masacre de Flores, el incendio intencional ocurrido en 1994 que termin\u00f3 con la vida de los padres, los dos hermanos menores y un amigo de Mat\u00edas Bagnato, quien fue el \u00fanico sobreviviente. La serie incluir\u00e1 [&hellip;]<\/p>\n","protected":false},"author":24,"featured_media":104714,"comment_status":"closed","ping_status":"closed","sticky":false,"template":"","format":"standard","meta":{"_seopress_robots_primary_cat":"none","_seopress_titles_title":"","_seopress_titles_desc":"","_seopress_robots_index":"","footnotes":""},"categories":[3],"tags":[40534,40535,40536],"class_list":{"0":"post-104711","1":"post","2":"type-post","3":"status-publish","4":"format-standard","5":"has-post-thumbnail","7":"category-cine-y-series","8":"tag-la-masacre-de-flores","9":"tag-la-masacre-de-flores-hbo-max","10":"tag-la-masacre-de-flores-uno-de-los-crimenes-mas-impactantes-de-argentina"},"_links":{"self":[{"href":"https:\/\/www.cordobatimes.com\/showup\/wp-json\/wp\/v2\/posts\/104711","targetHints":{"allow":["GET"]}}],"collection":[{"href":"https:\/\/www.cordobatimes.com\/showup\/wp-json\/wp\/v2\/posts"}],"about":[{"href":"https:\/\/www.cordobatimes.com\/showup\/wp-json\/wp\/v2\/types\/post"}],"author":[{"embeddable":true,"href":"https:\/\/www.cordobatimes.com\/showup\/wp-json\/wp\/v2\/users\/24"}],"replies":[{"embeddable":true,"href":"https:\/\/www.cordobatimes.com\/showup\/wp-json\/wp\/v2\/comments?post=104711"}],"version-history":[{"count":0,"href":"https:\/\/www.cordobatimes.com\/showup\/wp-json\/wp\/v2\/posts\/104711\/revisions"}],"wp:featuredmedia":[{"embeddable":true,"href":"https:\/\/www.cordobatimes.com\/showup\/wp-json\/wp\/v2\/media\/104714"}],"wp:attachment":[{"href":"https:\/\/www.cordobatimes.com\/showup\/wp-json\/wp\/v2\/media?parent=104711"}],"wp:term":[{"taxonomy":"category","embeddable":true,"href":"https:\/\/www.cordobatimes.com\/showup\/wp-json\/wp\/v2\/categories?post=104711"},{"taxonomy":"post_tag","embeddable":true,"href":"https:\/\/www.cordobatimes.com\/showup\/wp-json\/wp\/v2\/tags?post=104711"}],"curies":[{"name":"wp","href":"https:\/\/api.w.org\/{rel}","templated":true}]}}