{"id":104671,"date":"2025-11-25T08:53:09","date_gmt":"2025-11-25T11:53:09","guid":{"rendered":"https:\/\/www.cordobatimes.com\/showup\/?p=104671"},"modified":"2025-11-25T08:53:27","modified_gmt":"2025-11-25T11:53:27","slug":"tini-stoessel-nominada-a-los-martin-fierro-de-cine-y-series-por-quebranto","status":"publish","type":"post","link":"https:\/\/www.cordobatimes.com\/showup\/cine-y-series\/2025\/11\/25\/tini-stoessel-nominada-a-los-martin-fierro-de-cine-y-series-por-quebranto\/","title":{"rendered":"Tini Stoessel, nominada a los Mart\u00edn Fierro de Cine y Series por \u201cQuebranto\u00bb"},"content":{"rendered":"<h3 data-start=\"210\" data-end=\"445\"><strong>Tini Stoessel sigue brillando en su carrera actoral y musical, y ahora suma un nuevo logro: est\u00e1 nominada a los Mart\u00edn Fierro de Cine y Series 2025 en la categor\u00eda Actriz Protagonista en Serie por su papel en \u201cQuebranto\u201d.<\/strong><\/h3>\n<p data-start=\"447\" data-end=\"597\">La ceremonia se realizar\u00e1 el <strong data-start=\"476\" data-end=\"515\">8 de diciembre en la Usina del Arte<\/strong> y ser\u00e1 transmitida por <strong data-start=\"539\" data-end=\"553\">Am\u00e9rica TV<\/strong>, bajo la conducci\u00f3n de <strong data-start=\"577\" data-end=\"594\">Tet\u00e9 Custarot<\/strong>.<\/p>\n<p data-start=\"599\" data-end=\"807\">Este a\u00f1o, Tini sorprendi\u00f3 al p\u00fablico protagonizando <strong data-start=\"651\" data-end=\"666\">\u201cQuebranto\u201d<\/strong>, una serie de Disney que marca un giro en su carrera, con un personaje completamente diferente a los que hab\u00eda interpretado anteriormente.<\/p>\n<p data-start=\"809\" data-end=\"973\">En su terna, competir\u00e1 con destacadas actrices como <strong data-start=\"861\" data-end=\"917\">Valentina Zemire, Griselda Siciliani y Lali Esp\u00f3sito<\/strong>, lo que promete una competencia re\u00f1ida y emocionante.<\/p>\n<p data-start=\"975\" data-end=\"1126\">Con esta nominaci\u00f3n, Tini demuestra una vez m\u00e1s su versatilidad y consolidaci\u00f3n como una de las figuras m\u00e1s talentosas del entretenimiento argentino.<\/p>\n","protected":false},"excerpt":{"rendered":"<p>Tini Stoessel sigue brillando en su carrera actoral y musical, y ahora suma un nuevo logro: est\u00e1 nominada a los Mart\u00edn Fierro de Cine y Series 2025 en la categor\u00eda Actriz Protagonista en Serie por su papel en \u201cQuebranto\u201d. La ceremonia se realizar\u00e1 el 8 de diciembre en la Usina del Arte y ser\u00e1 transmitida [&hellip;]<\/p>\n","protected":false},"author":24,"featured_media":104674,"comment_status":"closed","ping_status":"closed","sticky":false,"template":"","format":"standard","meta":{"_seopress_robots_primary_cat":"none","_seopress_titles_title":"","_seopress_titles_desc":"","_seopress_robots_index":"","footnotes":""},"categories":[3,12967],"tags":[40517,40516,40518],"class_list":{"0":"post-104671","1":"post","2":"type-post","3":"status-publish","4":"format-standard","5":"has-post-thumbnail","7":"category-cine-y-series","8":"category-destacada","9":"tag-quebranto","10":"tag-tini-stoessel-martin-fierro-de-cine-y-series","11":"tag-tini-stoessel-quebranto"},"_links":{"self":[{"href":"https:\/\/www.cordobatimes.com\/showup\/wp-json\/wp\/v2\/posts\/104671","targetHints":{"allow":["GET"]}}],"collection":[{"href":"https:\/\/www.cordobatimes.com\/showup\/wp-json\/wp\/v2\/posts"}],"about":[{"href":"https:\/\/www.cordobatimes.com\/showup\/wp-json\/wp\/v2\/types\/post"}],"author":[{"embeddable":true,"href":"https:\/\/www.cordobatimes.com\/showup\/wp-json\/wp\/v2\/users\/24"}],"replies":[{"embeddable":true,"href":"https:\/\/www.cordobatimes.com\/showup\/wp-json\/wp\/v2\/comments?post=104671"}],"version-history":[{"count":0,"href":"https:\/\/www.cordobatimes.com\/showup\/wp-json\/wp\/v2\/posts\/104671\/revisions"}],"wp:featuredmedia":[{"embeddable":true,"href":"https:\/\/www.cordobatimes.com\/showup\/wp-json\/wp\/v2\/media\/104674"}],"wp:attachment":[{"href":"https:\/\/www.cordobatimes.com\/showup\/wp-json\/wp\/v2\/media?parent=104671"}],"wp:term":[{"taxonomy":"category","embeddable":true,"href":"https:\/\/www.cordobatimes.com\/showup\/wp-json\/wp\/v2\/categories?post=104671"},{"taxonomy":"post_tag","embeddable":true,"href":"https:\/\/www.cordobatimes.com\/showup\/wp-json\/wp\/v2\/tags?post=104671"}],"curies":[{"name":"wp","href":"https:\/\/api.w.org\/{rel}","templated":true}]}}