{"id":104650,"date":"2025-11-24T13:43:37","date_gmt":"2025-11-24T16:43:37","guid":{"rendered":"https:\/\/www.cordobatimes.com\/showup\/?p=104650"},"modified":"2025-11-24T13:43:38","modified_gmt":"2025-11-24T16:43:38","slug":"tnt-confirmo-la-segunda-temporada-de-viudas-negras","status":"publish","type":"post","link":"https:\/\/www.cordobatimes.com\/showup\/cine-y-series\/2025\/11\/24\/tnt-confirmo-la-segunda-temporada-de-viudas-negras\/","title":{"rendered":"TNT confirm\u00f3 la segunda temporada de \u201cViudas Negras\u201d"},"content":{"rendered":"<h3 data-start=\"189\" data-end=\"504\"><strong>TNT anunci\u00f3 oficialmente la llegada de la segunda temporada de \u201cViudas Negras\u201d, la serie que se convirti\u00f3 en uno de los \u00e9xitos m\u00e1s comentados del \u00faltimo a\u00f1o en la regi\u00f3n. Con drama, misterio y una est\u00e9tica atrapante, la ficci\u00f3n promete volver con nuevos conflictos, alianzas inesperadas y giros a\u00fan m\u00e1s oscuros.<\/strong><\/h3>\n<p data-start=\"506\" data-end=\"827\">La serie, protagonizada por un elenco femenino explosivo, continuar\u00e1 explorando el universo de estas mujeres que intentan rehacer sus vidas tras decisiones extremas\u2026 y consecuencias que todav\u00eda las persiguen. La primera temporada dej\u00f3 varios interrogantes abiertos y los fans celebraron la confirmaci\u00f3n de la continuidad.<\/p>\n<p data-start=\"829\" data-end=\"1021\">Desde TNT adelantaron que esta nueva entrega llegar\u00e1 con \u201cm\u00e1s intriga, mayor profundidad emocional y un nivel de producci\u00f3n superior\u201d, adem\u00e1s de nuevos personajes que se sumar\u00e1n a la historia.<\/p>\n<p data-start=\"1023\" data-end=\"1249\">La fecha de estreno todav\u00eda no fue revelada, pero se espera que la producci\u00f3n comience en los pr\u00f3ximos meses.<\/p>\n<div style=\"width: 696px;\" class=\"wp-video\"><video class=\"wp-video-shortcode\" id=\"video-104650-1\" width=\"696\" height=\"1237\" preload=\"metadata\" controls=\"controls\"><source type=\"video\/mp4\" src=\"http:\/\/www.cordobatimes.com\/showup\/wp-content\/uploads\/2025\/11\/ssstwitter.com_1764002156825.mp4?_=1\" \/><a href=\"http:\/\/www.cordobatimes.com\/showup\/wp-content\/uploads\/2025\/11\/ssstwitter.com_1764002156825.mp4\">http:\/\/www.cordobatimes.com\/showup\/wp-content\/uploads\/2025\/11\/ssstwitter.com_1764002156825.mp4<\/a><\/video><\/div>\n","protected":false},"excerpt":{"rendered":"<p>TNT anunci\u00f3 oficialmente la llegada de la segunda temporada de \u201cViudas Negras\u201d, la serie que se convirti\u00f3 en uno de los \u00e9xitos m\u00e1s comentados del \u00faltimo a\u00f1o en la regi\u00f3n. Con drama, misterio y una est\u00e9tica atrapante, la ficci\u00f3n promete volver con nuevos conflictos, alianzas inesperadas y giros a\u00fan m\u00e1s oscuros. La serie, protagonizada por [&hellip;]<\/p>\n","protected":false},"author":24,"featured_media":104653,"comment_status":"closed","ping_status":"closed","sticky":false,"template":"","format":"standard","meta":{"_seopress_robots_primary_cat":"none","_seopress_titles_title":"","_seopress_titles_desc":"","_seopress_robots_index":"","footnotes":""},"categories":[3],"tags":[40508,40507],"class_list":{"0":"post-104650","1":"post","2":"type-post","3":"status-publish","4":"format-standard","5":"has-post-thumbnail","7":"category-cine-y-series","8":"tag-viudas-negras","9":"tag-segunda-temporada-de-viudas-negras"},"_links":{"self":[{"href":"https:\/\/www.cordobatimes.com\/showup\/wp-json\/wp\/v2\/posts\/104650","targetHints":{"allow":["GET"]}}],"collection":[{"href":"https:\/\/www.cordobatimes.com\/showup\/wp-json\/wp\/v2\/posts"}],"about":[{"href":"https:\/\/www.cordobatimes.com\/showup\/wp-json\/wp\/v2\/types\/post"}],"author":[{"embeddable":true,"href":"https:\/\/www.cordobatimes.com\/showup\/wp-json\/wp\/v2\/users\/24"}],"replies":[{"embeddable":true,"href":"https:\/\/www.cordobatimes.com\/showup\/wp-json\/wp\/v2\/comments?post=104650"}],"version-history":[{"count":0,"href":"https:\/\/www.cordobatimes.com\/showup\/wp-json\/wp\/v2\/posts\/104650\/revisions"}],"wp:featuredmedia":[{"embeddable":true,"href":"https:\/\/www.cordobatimes.com\/showup\/wp-json\/wp\/v2\/media\/104653"}],"wp:attachment":[{"href":"https:\/\/www.cordobatimes.com\/showup\/wp-json\/wp\/v2\/media?parent=104650"}],"wp:term":[{"taxonomy":"category","embeddable":true,"href":"https:\/\/www.cordobatimes.com\/showup\/wp-json\/wp\/v2\/categories?post=104650"},{"taxonomy":"post_tag","embeddable":true,"href":"https:\/\/www.cordobatimes.com\/showup\/wp-json\/wp\/v2\/tags?post=104650"}],"curies":[{"name":"wp","href":"https:\/\/api.w.org\/{rel}","templated":true}]}}