{"id":104495,"date":"2025-11-21T14:55:43","date_gmt":"2025-11-21T17:55:43","guid":{"rendered":"https:\/\/www.cordobatimes.com\/showup\/?p=104495"},"modified":"2025-11-21T14:55:43","modified_gmt":"2025-11-21T17:55:43","slug":"el-video-del-nene-que-pidio-un-rayo-si-tini-es-buena-y-exploto-en-redes","status":"publish","type":"post","link":"https:\/\/www.cordobatimes.com\/showup\/internet\/2025\/11\/21\/el-video-del-nene-que-pidio-un-rayo-si-tini-es-buena-y-exploto-en-redes\/","title":{"rendered":"El video del nene que pidi\u00f3 \u201cun rayo si Tini es buena\u201d y explot\u00f3 en redes"},"content":{"rendered":"<h3 data-start=\"167\" data-end=\"347\"><strong>Un nene viajaba en auto durante una tormenta y lanz\u00f3 la frase que hoy es <em data-start=\"240\" data-end=\"258\">el viral del d\u00eda<\/em>: \u201cQue caiga un rayo si Tini es buena\u201d.<\/strong><br data-start=\"301\" data-end=\"304\" \/><strong>Segundos despu\u00e9s\u2026 \u00a1el trueno son\u00f3 con todo!<\/strong><\/h3>\n<p data-start=\"349\" data-end=\"533\">La escena, captada en plena ruta, ya gener\u00f3 memes, debates y miles de reproducciones. Tini Stoessel volvi\u00f3 a ser tendencia sin siquiera aparecer: el universo, aparentemente, respondi\u00f3.<\/p>\n<div style=\"width: 480px;\" class=\"wp-video\"><video class=\"wp-video-shortcode\" id=\"video-104495-1\" width=\"480\" height=\"852\" preload=\"metadata\" controls=\"controls\"><source type=\"video\/mp4\" src=\"http:\/\/www.cordobatimes.com\/showup\/wp-content\/uploads\/2025\/11\/ssstwitter.com_1763746053618.mp4?_=1\" \/><a href=\"http:\/\/www.cordobatimes.com\/showup\/wp-content\/uploads\/2025\/11\/ssstwitter.com_1763746053618.mp4\">http:\/\/www.cordobatimes.com\/showup\/wp-content\/uploads\/2025\/11\/ssstwitter.com_1763746053618.mp4<\/a><\/video><\/div>\n","protected":false},"excerpt":{"rendered":"<p>Un nene viajaba en auto durante una tormenta y lanz\u00f3 la frase que hoy es el viral del d\u00eda: \u201cQue caiga un rayo si Tini es buena\u201d.Segundos despu\u00e9s\u2026 \u00a1el trueno son\u00f3 con todo! La escena, captada en plena ruta, ya gener\u00f3 memes, debates y miles de reproducciones. Tini Stoessel volvi\u00f3 a ser tendencia sin siquiera [&hellip;]<\/p>\n","protected":false},"author":24,"featured_media":104499,"comment_status":"closed","ping_status":"closed","sticky":false,"template":"","format":"standard","meta":{"_seopress_robots_primary_cat":"none","_seopress_titles_title":"","_seopress_titles_desc":"","_seopress_robots_index":"","footnotes":""},"categories":[22956],"tags":[1780],"class_list":{"0":"post-104495","1":"post","2":"type-post","3":"status-publish","4":"format-standard","5":"has-post-thumbnail","7":"category-internet","8":"tag-tini"},"_links":{"self":[{"href":"https:\/\/www.cordobatimes.com\/showup\/wp-json\/wp\/v2\/posts\/104495","targetHints":{"allow":["GET"]}}],"collection":[{"href":"https:\/\/www.cordobatimes.com\/showup\/wp-json\/wp\/v2\/posts"}],"about":[{"href":"https:\/\/www.cordobatimes.com\/showup\/wp-json\/wp\/v2\/types\/post"}],"author":[{"embeddable":true,"href":"https:\/\/www.cordobatimes.com\/showup\/wp-json\/wp\/v2\/users\/24"}],"replies":[{"embeddable":true,"href":"https:\/\/www.cordobatimes.com\/showup\/wp-json\/wp\/v2\/comments?post=104495"}],"version-history":[{"count":0,"href":"https:\/\/www.cordobatimes.com\/showup\/wp-json\/wp\/v2\/posts\/104495\/revisions"}],"wp:featuredmedia":[{"embeddable":true,"href":"https:\/\/www.cordobatimes.com\/showup\/wp-json\/wp\/v2\/media\/104499"}],"wp:attachment":[{"href":"https:\/\/www.cordobatimes.com\/showup\/wp-json\/wp\/v2\/media?parent=104495"}],"wp:term":[{"taxonomy":"category","embeddable":true,"href":"https:\/\/www.cordobatimes.com\/showup\/wp-json\/wp\/v2\/categories?post=104495"},{"taxonomy":"post_tag","embeddable":true,"href":"https:\/\/www.cordobatimes.com\/showup\/wp-json\/wp\/v2\/tags?post=104495"}],"curies":[{"name":"wp","href":"https:\/\/api.w.org\/{rel}","templated":true}]}}