{"id":104442,"date":"2025-11-20T16:54:27","date_gmt":"2025-11-20T19:54:27","guid":{"rendered":"https:\/\/www.cordobatimes.com\/showup\/?p=104442"},"modified":"2025-11-20T16:54:27","modified_gmt":"2025-11-20T19:54:27","slug":"primer-adelanto-de-amanecer-en-la-cosecha-la-nueva-pelicula-de-los-juegos-del-hambre","status":"publish","type":"post","link":"https:\/\/www.cordobatimes.com\/showup\/cine-y-series\/2025\/11\/20\/primer-adelanto-de-amanecer-en-la-cosecha-la-nueva-pelicula-de-los-juegos-del-hambre\/","title":{"rendered":"Primer adelanto de \u201cAMANECER EN LA COSECHA\u201d, la nueva pel\u00edcula de Los Juegos del Hambre"},"content":{"rendered":"<h3 data-start=\"240\" data-end=\"282\"><strong data-start=\"240\" data-end=\"282\">Estrena en noviembre del a\u00f1o que viene<\/strong><\/h3>\n<p data-start=\"284\" data-end=\"525\">El universo de <em data-start=\"299\" data-end=\"322\">Los Juegos del Hambre<\/em> vuelve a encenderse y los fans ya est\u00e1n en estado de alerta: se conoci\u00f3 el <strong data-start=\"398\" data-end=\"453\">primer adelanto oficial de \u201cAmanecer en la Cosecha\u201d<\/strong>, la nueva pel\u00edcula que ampliar\u00e1 el fen\u00f3meno creado por Suzanne Collins.<\/p>\n<p data-start=\"527\" data-end=\"854\">Aunque el teaser no revela demasiados detalles de la trama, s\u00ed confirma el tono oscuro, pol\u00edtico y emocional que caracteriza a la saga. En apenas segundos, se ven <strong data-start=\"690\" data-end=\"723\">nuevas im\u00e1genes del Capitolio<\/strong>, el regreso de la Cosecha y la presentaci\u00f3n de <strong data-start=\"771\" data-end=\"801\">nuevos tributos y alianzas<\/strong> que prometen cambiar para siempre el rumbo de Panem.<\/p>\n<p data-start=\"856\" data-end=\"1140\">La pel\u00edcula llegar\u00e1 a los cines en <strong data-start=\"891\" data-end=\"922\">noviembre del a\u00f1o que viene<\/strong>, marcando uno de los estrenos m\u00e1s esperados del 2026. Con un fandom gigantesco y una franquicia que siempre sorprende, \u201cAmanecer en la Cosecha\u201d ya se posiciona como uno de los grandes eventos cinematogr\u00e1ficos del a\u00f1o.<\/p>\n<p data-start=\"1142\" data-end=\"1324\">\u00bfLa saga se reinventa? \u00bfAparecer\u00e1n gui\u00f1os a personajes hist\u00f3ricos como Katniss o Snow? Las preguntas ya est\u00e1n explotando en redes, y este primer adelanto solo aumenta la expectativa.<\/p>\n<div style=\"width: 640px;\" class=\"wp-video\"><video class=\"wp-video-shortcode\" id=\"video-104442-1\" width=\"640\" height=\"360\" preload=\"metadata\" controls=\"controls\"><source type=\"video\/mp4\" src=\"http:\/\/www.cordobatimes.com\/showup\/wp-content\/uploads\/2025\/11\/ssstwitter.com_1763668238968.mp4?_=1\" \/><a href=\"http:\/\/www.cordobatimes.com\/showup\/wp-content\/uploads\/2025\/11\/ssstwitter.com_1763668238968.mp4\">http:\/\/www.cordobatimes.com\/showup\/wp-content\/uploads\/2025\/11\/ssstwitter.com_1763668238968.mp4<\/a><\/video><\/div>\n","protected":false},"excerpt":{"rendered":"<p>Estrena en noviembre del a\u00f1o que viene El universo de Los Juegos del Hambre vuelve a encenderse y los fans ya est\u00e1n en estado de alerta: se conoci\u00f3 el primer adelanto oficial de \u201cAmanecer en la Cosecha\u201d, la nueva pel\u00edcula que ampliar\u00e1 el fen\u00f3meno creado por Suzanne Collins. Aunque el teaser no revela demasiados detalles [&hellip;]<\/p>\n","protected":false},"author":24,"featured_media":104445,"comment_status":"closed","ping_status":"closed","sticky":false,"template":"","format":"standard","meta":{"_seopress_robots_primary_cat":"none","_seopress_titles_title":"","_seopress_titles_desc":"","_seopress_robots_index":"","footnotes":""},"categories":[3],"tags":[40413,40414,40410,40411,40412],"class_list":{"0":"post-104442","1":"post","2":"type-post","3":"status-publish","4":"format-standard","5":"has-post-thumbnail","7":"category-cine-y-series","8":"tag-amanecer-en-la-cosecha","9":"tag-la-nueva-pelicula-de-los-juegos-del-hambre","10":"tag-nueva-pelicula-de-los-juegos-del-hambre","11":"tag-pelicula-de-los-juegos-del-hambre","12":"tag-primer-adelanto-de-amanecer-en-la-cosecha"},"_links":{"self":[{"href":"https:\/\/www.cordobatimes.com\/showup\/wp-json\/wp\/v2\/posts\/104442","targetHints":{"allow":["GET"]}}],"collection":[{"href":"https:\/\/www.cordobatimes.com\/showup\/wp-json\/wp\/v2\/posts"}],"about":[{"href":"https:\/\/www.cordobatimes.com\/showup\/wp-json\/wp\/v2\/types\/post"}],"author":[{"embeddable":true,"href":"https:\/\/www.cordobatimes.com\/showup\/wp-json\/wp\/v2\/users\/24"}],"replies":[{"embeddable":true,"href":"https:\/\/www.cordobatimes.com\/showup\/wp-json\/wp\/v2\/comments?post=104442"}],"version-history":[{"count":0,"href":"https:\/\/www.cordobatimes.com\/showup\/wp-json\/wp\/v2\/posts\/104442\/revisions"}],"wp:featuredmedia":[{"embeddable":true,"href":"https:\/\/www.cordobatimes.com\/showup\/wp-json\/wp\/v2\/media\/104445"}],"wp:attachment":[{"href":"https:\/\/www.cordobatimes.com\/showup\/wp-json\/wp\/v2\/media?parent=104442"}],"wp:term":[{"taxonomy":"category","embeddable":true,"href":"https:\/\/www.cordobatimes.com\/showup\/wp-json\/wp\/v2\/categories?post=104442"},{"taxonomy":"post_tag","embeddable":true,"href":"https:\/\/www.cordobatimes.com\/showup\/wp-json\/wp\/v2\/tags?post=104442"}],"curies":[{"name":"wp","href":"https:\/\/api.w.org\/{rel}","templated":true}]}}