{"id":104410,"date":"2025-11-19T15:23:49","date_gmt":"2025-11-19T18:23:49","guid":{"rendered":"https:\/\/www.cordobatimes.com\/showup\/?p=104410"},"modified":"2025-11-19T15:23:49","modified_gmt":"2025-11-19T18:23:49","slug":"andrea-bocelli-javier-milei-le-entrego-la-orden-de-mayo-al-merito","status":"publish","type":"post","link":"https:\/\/www.cordobatimes.com\/showup\/famosos\/2025\/11\/19\/andrea-bocelli-javier-milei-le-entrego-la-orden-de-mayo-al-merito\/","title":{"rendered":"Andrea Bocelli: Javier Milei le entreg\u00f3 la Orden de Mayo al M\u00e9rito"},"content":{"rendered":"<h3><strong data-start=\"231\" data-end=\"343\">El legendario tenor italiano fue condecorado en la Casa Rosada y ofreci\u00f3 un breve pero emotivo show musical.<\/strong><\/h3>\n<p data-start=\"350\" data-end=\"675\">El presidente <strong data-start=\"364\" data-end=\"380\">Javier Milei<\/strong> recibi\u00f3 en la <strong data-start=\"395\" data-end=\"410\">Casa Rosada<\/strong> a <strong data-start=\"413\" data-end=\"431\">Andrea Bocelli<\/strong> y lo condecor\u00f3 con la <strong data-start=\"454\" data-end=\"481\">Orden de Mayo al M\u00e9rito<\/strong>, en reconocimiento a su destacada contribuci\u00f3n a la cultura mundial. La ceremonia se llev\u00f3 a cabo en el <strong data-start=\"586\" data-end=\"602\">Sal\u00f3n Blanco<\/strong>, con la presencia de miembros del gabinete y autoridades del Gobierno.<\/p>\n<p data-start=\"677\" data-end=\"875\">Durante el acto, Bocelli recibi\u00f3 la distinci\u00f3n en el grado de <strong data-start=\"739\" data-end=\"753\">Comendador<\/strong> y, visiblemente emocionado, agradeci\u00f3: \u201cVivo este momento como si fuera un sue\u00f1o. Espero volver pronto a la Argentina\u201d.<\/p>\n<p data-start=\"877\" data-end=\"940\">Despu\u00e9s de la entrega, el tenor ofreci\u00f3 un breve espect\u00e1culo:<\/p>\n<ul data-start=\"942\" data-end=\"1177\">\n<li data-start=\"942\" data-end=\"1013\">\n<p data-start=\"944\" data-end=\"1013\">Interpret\u00f3 al piano el tango <strong data-start=\"973\" data-end=\"993\">\u201cPor una cabeza\u201d<\/strong> de Carlos Gardel.<\/p>\n<\/li>\n<li data-start=\"1014\" data-end=\"1083\">\n<p data-start=\"1016\" data-end=\"1083\">Cant\u00f3 el cl\u00e1sico <strong data-start=\"1033\" data-end=\"1051\">\u201cB\u00e9same mucho\u201d<\/strong>, emocionando a los presentes.<\/p>\n<\/li>\n<li data-start=\"1014\" data-end=\"1083\">\n<ul data-start=\"942\" data-end=\"1177\">\n<li data-start=\"1084\" data-end=\"1177\">\n<p data-start=\"1086\" data-end=\"1177\">Cerr\u00f3 con la aria <strong data-start=\"1104\" data-end=\"1128\">\u201cDonna non vidi mai\u201d<\/strong> de Puccini, en homenaje a la tradici\u00f3n l\u00edrica.<\/p>\n<\/li>\n<\/ul>\n<p data-start=\"1179\" data-end=\"1379\">Entre los asistentes estuvieron el jefe de Gabinete, <strong data-start=\"1232\" data-end=\"1249\">Manuel Adorni<\/strong>, la secretaria General de la Presidencia, <strong data-start=\"1292\" data-end=\"1308\">Karina Milei<\/strong>, y ministros de Defensa, Econom\u00eda, Justicia y Relaciones Exteriores.<\/p>\n<p data-start=\"1381\" data-end=\"1724\">La <strong data-start=\"1384\" data-end=\"1401\">Orden de Mayo<\/strong> es una de las m\u00e1ximas distinciones que otorga Argentina a personalidades extranjeras que han contribuido al arte, la cultura o la diplomacia. Con este reconocimiento, el Gobierno destaca la importancia de la m\u00fasica y la cultura internacional, y refuerza el v\u00ednculo entre Argentina y un \u00edcono mundial como Andrea Bocelli.<\/p>\n<\/li>\n<\/ul>\n<div style=\"width: 696px;\" class=\"wp-video\"><video class=\"wp-video-shortcode\" id=\"video-104410-1\" width=\"696\" height=\"392\" preload=\"metadata\" controls=\"controls\"><source type=\"video\/mp4\" src=\"http:\/\/www.cordobatimes.com\/showup\/wp-content\/uploads\/2025\/11\/ssstwitter.com_1763576329565-1.mp4?_=1\" \/><a href=\"http:\/\/www.cordobatimes.com\/showup\/wp-content\/uploads\/2025\/11\/ssstwitter.com_1763576329565-1.mp4\">http:\/\/www.cordobatimes.com\/showup\/wp-content\/uploads\/2025\/11\/ssstwitter.com_1763576329565-1.mp4<\/a><\/video><\/div>\n<p>&nbsp;<\/p>\n","protected":false},"excerpt":{"rendered":"<p>El legendario tenor italiano fue condecorado en la Casa Rosada y ofreci\u00f3 un breve pero emotivo show musical. El presidente Javier Milei recibi\u00f3 en la Casa Rosada a Andrea Bocelli y lo condecor\u00f3 con la Orden de Mayo al M\u00e9rito, en reconocimiento a su destacada contribuci\u00f3n a la cultura mundial. La ceremonia se llev\u00f3 a [&hellip;]<\/p>\n","protected":false},"author":24,"featured_media":104424,"comment_status":"closed","ping_status":"closed","sticky":false,"template":"","format":"standard","meta":{"_seopress_robots_primary_cat":"none","_seopress_titles_title":"","_seopress_titles_desc":"","_seopress_robots_index":"","footnotes":""},"categories":[4],"tags":[],"class_list":{"0":"post-104410","1":"post","2":"type-post","3":"status-publish","4":"format-standard","5":"has-post-thumbnail","7":"category-famosos"},"_links":{"self":[{"href":"https:\/\/www.cordobatimes.com\/showup\/wp-json\/wp\/v2\/posts\/104410","targetHints":{"allow":["GET"]}}],"collection":[{"href":"https:\/\/www.cordobatimes.com\/showup\/wp-json\/wp\/v2\/posts"}],"about":[{"href":"https:\/\/www.cordobatimes.com\/showup\/wp-json\/wp\/v2\/types\/post"}],"author":[{"embeddable":true,"href":"https:\/\/www.cordobatimes.com\/showup\/wp-json\/wp\/v2\/users\/24"}],"replies":[{"embeddable":true,"href":"https:\/\/www.cordobatimes.com\/showup\/wp-json\/wp\/v2\/comments?post=104410"}],"version-history":[{"count":0,"href":"https:\/\/www.cordobatimes.com\/showup\/wp-json\/wp\/v2\/posts\/104410\/revisions"}],"wp:featuredmedia":[{"embeddable":true,"href":"https:\/\/www.cordobatimes.com\/showup\/wp-json\/wp\/v2\/media\/104424"}],"wp:attachment":[{"href":"https:\/\/www.cordobatimes.com\/showup\/wp-json\/wp\/v2\/media?parent=104410"}],"wp:term":[{"taxonomy":"category","embeddable":true,"href":"https:\/\/www.cordobatimes.com\/showup\/wp-json\/wp\/v2\/categories?post=104410"},{"taxonomy":"post_tag","embeddable":true,"href":"https:\/\/www.cordobatimes.com\/showup\/wp-json\/wp\/v2\/tags?post=104410"}],"curies":[{"name":"wp","href":"https:\/\/api.w.org\/{rel}","templated":true}]}}