{"id":104284,"date":"2025-11-17T23:06:22","date_gmt":"2025-11-18T02:06:22","guid":{"rendered":"https:\/\/www.cordobatimes.com\/showup\/?p=104284"},"modified":"2025-11-18T09:21:18","modified_gmt":"2025-11-18T12:21:18","slug":"fabiola-sin-frenos-nuevas-revelaciones-sobre-su-historia-con-alberto-fernandez","status":"publish","type":"post","link":"https:\/\/www.cordobatimes.com\/showup\/tv\/2025\/11\/17\/fabiola-sin-frenos-nuevas-revelaciones-sobre-su-historia-con-alberto-fernandez\/","title":{"rendered":"Fabiola sin frenos: nuevas revelaciones sobre su historia con Alberto Fern\u00e1ndez"},"content":{"rendered":"<article class=\"text-token-text-primary w-full focus:outline-none [--shadow-height:45px] has-data-writing-block:pointer-events-none has-data-writing-block:-mt-(--shadow-height) has-data-writing-block:pt-(--shadow-height) [&amp;:has([data-writing-block])&gt;*]:pointer-events-auto [content-visibility:auto] supports-[content-visibility:auto]:[contain-intrinsic-size:auto_100lvh] scroll-mt-[calc(var(--header-height)+min(200px,max(70px,20svh)))]\" dir=\"auto\" tabindex=\"-1\" data-turn-id=\"53f84e61-8307-4a22-9cd5-2ae1aebee4bc\" data-testid=\"conversation-turn-86\" data-scroll-anchor=\"false\" data-turn=\"assistant\">\n<div class=\"text-base my-auto mx-auto [--thread-content-margin:--spacing(4)] thread-sm:[--thread-content-margin:--spacing(6)] thread-lg:[--thread-content-margin:--spacing(16)] px-(--thread-content-margin)\">\n<div class=\"[--thread-content-max-width:40rem] thread-lg:[--thread-content-max-width:48rem] mx-auto max-w-(--thread-content-max-width) flex-1 group\/turn-messages focus-visible:outline-hidden relative flex w-full min-w-0 flex-col agent-turn\" tabindex=\"-1\">\n<div class=\"flex max-w-full flex-col grow\">\n<div class=\"min-h-8 text-message relative flex w-full flex-col items-end gap-2 text-start break-words whitespace-normal [.text-message+&amp;]:mt-1\" dir=\"auto\" data-message-author-role=\"assistant\" data-message-id=\"53f84e61-8307-4a22-9cd5-2ae1aebee4bc\" data-message-model-slug=\"gpt-5-mini\">\n<div class=\"flex w-full flex-col gap-1 empty:hidden first:pt-[1px]\">\n<h3 class=\"markdown prose dark:prose-invert w-full break-words light markdown-new-styling\"><strong>Fabiola Y\u00e1\u00f1ez enfrenta una nueva entrevista con \u00c1ngel de Brito y vuelve a instalar su voz en el centro del debate. Habla en presente, refuerza su postura, suma definiciones pol\u00e9micas y deja frases que prometen encender la noche.<\/strong><\/h3>\n<\/div>\n<\/div>\n<\/div>\n<\/div>\n<\/div>\n<\/article>\n<article class=\"text-token-text-primary w-full focus:outline-none [--shadow-height:45px] has-data-writing-block:pointer-events-none has-data-writing-block:-mt-(--shadow-height) has-data-writing-block:pt-(--shadow-height) [&amp;:has([data-writing-block])&gt;*]:pointer-events-auto [content-visibility:auto] supports-[content-visibility:auto]:[contain-intrinsic-size:auto_100lvh] scroll-mt-[calc(var(--header-height)+min(200px,max(70px,20svh)))]\" dir=\"auto\" tabindex=\"-1\" data-turn-id=\"request-691bb4d4-27c8-832d-8b16-17263f0e3f6a-0\" data-testid=\"conversation-turn-88\" data-scroll-anchor=\"true\" data-turn=\"assistant\">\n<div class=\"text-base my-auto mx-auto pb-10 [--thread-content-margin:--spacing(4)] thread-sm:[--thread-content-margin:--spacing(6)] thread-lg:[--thread-content-margin:--spacing(16)] px-(--thread-content-margin)\">\n<div class=\"[--thread-content-max-width:40rem] thread-lg:[--thread-content-max-width:48rem] mx-auto max-w-(--thread-content-max-width) flex-1 group\/turn-messages focus-visible:outline-hidden relative flex w-full min-w-0 flex-col agent-turn\" tabindex=\"-1\">\n<div class=\"flex max-w-full flex-col grow\">\n<div class=\"min-h-8 text-message relative flex w-full flex-col items-end gap-2 text-start break-words whitespace-normal [.text-message+&amp;]:mt-1\" dir=\"auto\" data-message-author-role=\"assistant\" data-message-id=\"0d72fa09-dd74-413d-859a-3b8e0df57736\" data-message-model-slug=\"gpt-5-mini\">\n<div class=\"flex w-full flex-col gap-1 empty:hidden first:pt-[1px]\">\n<div class=\"markdown prose dark:prose-invert w-full break-words light markdown-new-styling\">\n<h2 data-start=\"512\" data-end=\"571\"><strong data-start=\"515\" data-end=\"571\">Primera parte \u2014 Tenencia, viajes y disputas p\u00fablicas<\/strong><\/h2>\n<p data-start=\"573\" data-end=\"872\">En un mano a mano realizado en el despacho de su nueva abogada, Fabiola revisita episodios que ya hab\u00edan sido p\u00fablicos, pero que hoy expone con detalles y denuncias contundentes. Esta primera parte se centra en la <strong data-start=\"787\" data-end=\"871\">relaci\u00f3n familiar, la tenencia y las contradicciones sobre el cuidado de su hijo<\/strong>.<\/p>\n<ul data-start=\"874\" data-end=\"1899\">\n<li data-start=\"874\" data-end=\"1072\">\n<p data-start=\"876\" data-end=\"1072\"><strong data-start=\"876\" data-end=\"898\">Contacto y viajes:<\/strong><br data-start=\"898\" data-end=\"901\" \/><em data-start=\"903\" data-end=\"954\">\u201cEs mentira que hubo un impedimento de contacto.\u201d<\/em><br data-start=\"954\" data-end=\"957\" \/><em data-start=\"959\" data-end=\"1072\">\u201cDijo que no consegu\u00eda pasaje para el cumplea\u00f1os de su hijo Francisco en Espa\u00f1a; eso se lo dijo a una abogada.\u201d<\/em><\/p>\n<\/li>\n<li data-start=\"1074\" data-end=\"1309\">\n<p data-start=\"1076\" data-end=\"1309\"><strong data-start=\"1076\" data-end=\"1109\">Decisiones sobre el embarazo:<\/strong><br data-start=\"1109\" data-end=\"1112\" \/><em data-start=\"1114\" data-end=\"1235\">\u201c\u00c9l me pidi\u00f3 casarme conmigo y cuando yo le digo que estoy embarazada, \u00e9l no lo acepta y me dice: \u2018ten\u00e9s que abortar\u2019.\u201d<\/em><br data-start=\"1235\" data-end=\"1238\" \/><em data-start=\"1240\" data-end=\"1307\">\u201cFue un aborto espont\u00e1neo que te genera un estr\u00e9s postraum\u00e1tico.\u201d<\/em><\/p>\n<\/li>\n<li data-start=\"1311\" data-end=\"1483\">\n<p data-start=\"1313\" data-end=\"1483\"><strong data-start=\"1313\" data-end=\"1344\">Expectativas y convivencia:<\/strong><br data-start=\"1344\" data-end=\"1347\" \/><em data-start=\"1349\" data-end=\"1483\">\u201cDespu\u00e9s de dos a\u00f1os de estar viviendo en Olivos, \u00e9l me propone tener un hijo. Yo pens\u00e9 que \u00e9l ten\u00eda otra postura, que era genuino.\u201d<\/em><\/p>\n<\/li>\n<li data-start=\"1485\" data-end=\"1899\">\n<p data-start=\"1487\" data-end=\"1899\"><strong data-start=\"1487\" data-end=\"1522\">Tenencia y disputas judiciales:<\/strong><br data-start=\"1522\" data-end=\"1525\" \/><em data-start=\"1527\" data-end=\"1578\">\u201cLa tenencia la tengo yo, \u00e9l me lo quiere sacar.\u201d<\/em><br data-start=\"1578\" data-end=\"1581\" \/><em data-start=\"1583\" data-end=\"1699\">\u201cLo \u00fanico que hizo fue intentar tener una revinculaci\u00f3n lo m\u00e1s acelerada. \u00c9l no le quiere dar un techo a su hijo.\u201d<\/em><br data-start=\"1699\" data-end=\"1702\" \/><em data-start=\"1704\" data-end=\"1802\">\u201cEn este caso, el padre ni siquiera se ocup\u00f3 de que su hijo tuviera un techo aqu\u00ed en Argentina.\u201d<\/em><br data-start=\"1802\" data-end=\"1805\" \/><em data-start=\"1807\" data-end=\"1899\">\u201cMe hizo una denuncia, me puso una multa y me hizo bajar la foto de mi hijo de inmediato.\u201d<\/em><\/p>\n<\/li>\n<\/ul>\n<hr data-start=\"1901\" data-end=\"1904\" \/>\n<h2 data-start=\"1906\" data-end=\"1979\"><strong data-start=\"1909\" data-end=\"1979\">Segunda parte \u2014 Violencia de g\u00e9nero, humillaciones e infidelidades<\/strong><\/h2>\n<p data-start=\"1981\" data-end=\"2078\">Fabiola abre un cap\u00edtulo m\u00e1s oscuro: violencia gradual, humillaciones p\u00fablicas y maltrato f\u00edsico.<\/p>\n<ul data-start=\"2080\" data-end=\"4034\">\n<li data-start=\"2080\" data-end=\"2611\">\n<p data-start=\"2082\" data-end=\"2611\"><strong data-start=\"2082\" data-end=\"2120\">Violencia gradual y humillaciones:<\/strong><br data-start=\"2120\" data-end=\"2123\" \/><em data-start=\"2125\" data-end=\"2409\">\u201cLa violencia comienza gradualmente. La violencia no es solamente el \u00faltimo golpe o lo que se ve m\u00e1s. La violencia no es verbal ni es discusiones. La violencia comienza desde el momento en que te humillan. No s\u00e9 por qu\u00e9 lo hac\u00eda, quiz\u00e1 ten\u00eda otras cuestiones que ten\u00eda que ocultar.\u201d<\/em><br data-start=\"2409\" data-end=\"2412\" \/><em data-start=\"2414\" data-end=\"2611\">\u201cDe destrato y humillaciones que se pod\u00edan vivir delante de todo el mundo, delante de la gente. Lo hac\u00eda cuando viv\u00edamos en Puerto Madero. Yo quer\u00eda irme. \u00c9l me dec\u00eda que no, que yo estaba loca.\u201d<\/em><\/p>\n<\/li>\n<li data-start=\"2613\" data-end=\"3005\">\n<p data-start=\"2615\" data-end=\"3005\"><strong data-start=\"2615\" data-end=\"2645\">Maltrato f\u00edsico y control:<\/strong><br data-start=\"2645\" data-end=\"2648\" \/><em data-start=\"2650\" data-end=\"2690\">\u201cEn la Quinta de Olivos \u00e9l me pegaba.\u201d<\/em><br data-start=\"2690\" data-end=\"2693\" \/><em data-start=\"2695\" data-end=\"2857\">\u201cA \u00e9l le quitaba el poder quien se lo enfrentara. Nadie me ayudaba. Si yo lo confrontaba, porque ten\u00eda ciertas pruebas, \u00e9l terminaba todo eso con un cachetazo.\u201d<\/em><br data-start=\"2857\" data-end=\"2860\" \/><em data-start=\"2862\" data-end=\"2959\">\u201cTodo esto siempre ocurr\u00eda en horarios donde el personal estaba fuera de la Quinta de Olivos.\u201d<\/em><br data-start=\"2959\" data-end=\"2962\" \/><em data-start=\"2964\" data-end=\"3005\">\u201cDeclar\u00f3n a favor de \u00e9l, no a mi favor.\u201d<\/em><\/p>\n<\/li>\n<li data-start=\"3007\" data-end=\"3546\">\n<p data-start=\"3009\" data-end=\"3546\"><strong data-start=\"3009\" data-end=\"3045\">Infidelidades y contradicciones:<\/strong><br data-start=\"3045\" data-end=\"3048\" \/><em data-start=\"3050\" data-end=\"3183\">\u201cSiempre fueron mu\u00e7h\u00e1s. Hasta el d\u00eda siguiente que se comprometi\u00f3 conmigo veo que \u00e9l se est\u00e1 escribiendo con una persona.\u201d<\/em><br data-start=\"3183\" data-end=\"3186\" \/><em data-start=\"3188\" data-end=\"3339\">\u201cEra imposible saber cu\u00e1ntas. Imposible. No fue solo lo de T\u00e1mara: encontr\u00e9 un mont\u00f3n de cosas. Vi esas im\u00e1genes, que eran realmente escandalosas.\u201d<\/em><br data-start=\"3339\" data-end=\"3342\" \/><em data-start=\"3344\" data-end=\"3441\">\u201cSu relaci\u00f3n era muy, muy cercana, muy \u00edntima. \u00c9l hablaba todo el tiempo sobre Viviana Canosa.\u201d<\/em><br data-start=\"3441\" data-end=\"3444\" \/><em data-start=\"3446\" data-end=\"3546\">\u201cNo me consta lo de Florencia Pe\u00f1a y lo de Victoria Onetto respecto a si fueron sus amantes o no.\u201d<\/em><\/p>\n<\/li>\n<li data-start=\"3548\" data-end=\"3729\">\n<p data-start=\"3550\" data-end=\"3729\"><strong data-start=\"3550\" data-end=\"3570\">Bloque pol\u00edtico:<\/strong><br data-start=\"3570\" data-end=\"3573\" \/><em data-start=\"3575\" data-end=\"3624\">\u201cJam\u00e1s tuve una relaci\u00f3n cercana con Cristina.\u201d<\/em><br data-start=\"3624\" data-end=\"3627\" \/><em data-start=\"3629\" data-end=\"3681\">\u201c\u00c9l estuvo muchos a\u00f1os enemistado con Cristina.\u201d<\/em><br data-start=\"3681\" data-end=\"3684\" \/><em data-start=\"3686\" data-end=\"3729\">\u201cNo es una persona que admiro, Cristina.\u201d<\/em><\/p>\n<\/li>\n<li data-start=\"3731\" data-end=\"4034\">\n<p data-start=\"3733\" data-end=\"4034\"><strong data-start=\"3733\" data-end=\"3761\">Vacunaci\u00f3n y esc\u00e1ndalos:<\/strong><br data-start=\"3761\" data-end=\"3764\" \/><em data-start=\"3766\" data-end=\"3939\">\u201cNunca me dijeron nada en la calle respecto a lo de Olivos, era algo habitual. A m\u00ed no me vacunaron porque, si descubren que Fabiola est\u00e1 vacunada, va a ser un esc\u00e1ndalo.\u201d<\/em><br data-start=\"3939\" data-end=\"3942\" \/><em data-start=\"3944\" data-end=\"4034\">\u201c\u00bfSab\u00e9s que no s\u00e9 qui\u00e9n entreg\u00f3 la foto? El que entreg\u00f3 el video fue el mismo Gobierno.\u201d<\/em><\/p>\n<\/li>\n<\/ul>\n<h2 data-start=\"4041\" data-end=\"4054\"><\/h2>\n<p data-start=\"4056\" data-end=\"4415\">Estas declaraciones forman la <strong data-start=\"4086\" data-end=\"4109\">entrevista completa<\/strong> realizada en el despacho de su nueva abogada. La primera parte se centra en <strong data-start=\"4186\" data-end=\"4220\">tenencia y disputas familiares<\/strong>, mientras que la segunda aborda <strong data-start=\"4253\" data-end=\"4307\">violencia de g\u00e9nero, humillaciones e infidelidades<\/strong>. Todos los textuales fueron respetados tal como los dict\u00f3 Fabiola para preservar su voz y fuerza narrativa.<\/p>\n<hr data-start=\"4417\" data-end=\"4420\" \/>\n<h3 data-start=\"4422\" data-end=\"4462\"><\/h3>\n<\/div>\n<\/div>\n<\/div>\n<\/div>\n<\/div>\n<\/div>\n<\/article>\n","protected":false},"excerpt":{"rendered":"<p>Fabiola Y\u00e1\u00f1ez enfrenta una nueva entrevista con \u00c1ngel de Brito y vuelve a instalar su voz en el centro del debate. Habla en presente, refuerza su postura, suma definiciones pol\u00e9micas y deja frases que prometen encender la noche. Primera parte \u2014 Tenencia, viajes y disputas p\u00fablicas En un mano a mano realizado en el despacho [&hellip;]<\/p>\n","protected":false},"author":24,"featured_media":104288,"comment_status":"closed","ping_status":"closed","sticky":false,"template":"","format":"standard","meta":{"_seopress_robots_primary_cat":"none","_seopress_titles_title":"","_seopress_titles_desc":"","_seopress_robots_index":"","footnotes":""},"categories":[2],"tags":[34947,40355,40354],"class_list":{"0":"post-104284","1":"post","2":"type-post","3":"status-publish","4":"format-standard","5":"has-post-thumbnail","7":"category-tv","8":"tag-alberto-fernandez-y-fabiola-yanez","9":"tag-entrevista-de-angel-de-brito-a-fabiola-yanez","10":"tag-fabiola-yanez-angel-de-brito"},"_links":{"self":[{"href":"https:\/\/www.cordobatimes.com\/showup\/wp-json\/wp\/v2\/posts\/104284","targetHints":{"allow":["GET"]}}],"collection":[{"href":"https:\/\/www.cordobatimes.com\/showup\/wp-json\/wp\/v2\/posts"}],"about":[{"href":"https:\/\/www.cordobatimes.com\/showup\/wp-json\/wp\/v2\/types\/post"}],"author":[{"embeddable":true,"href":"https:\/\/www.cordobatimes.com\/showup\/wp-json\/wp\/v2\/users\/24"}],"replies":[{"embeddable":true,"href":"https:\/\/www.cordobatimes.com\/showup\/wp-json\/wp\/v2\/comments?post=104284"}],"version-history":[{"count":0,"href":"https:\/\/www.cordobatimes.com\/showup\/wp-json\/wp\/v2\/posts\/104284\/revisions"}],"wp:featuredmedia":[{"embeddable":true,"href":"https:\/\/www.cordobatimes.com\/showup\/wp-json\/wp\/v2\/media\/104288"}],"wp:attachment":[{"href":"https:\/\/www.cordobatimes.com\/showup\/wp-json\/wp\/v2\/media?parent=104284"}],"wp:term":[{"taxonomy":"category","embeddable":true,"href":"https:\/\/www.cordobatimes.com\/showup\/wp-json\/wp\/v2\/categories?post=104284"},{"taxonomy":"post_tag","embeddable":true,"href":"https:\/\/www.cordobatimes.com\/showup\/wp-json\/wp\/v2\/tags?post=104284"}],"curies":[{"name":"wp","href":"https:\/\/api.w.org\/{rel}","templated":true}]}}