{"id":104272,"date":"2025-11-17T20:30:51","date_gmt":"2025-11-17T23:30:51","guid":{"rendered":"https:\/\/www.cordobatimes.com\/showup\/?p=104272"},"modified":"2025-11-17T20:30:52","modified_gmt":"2025-11-17T23:30:52","slug":"disney-lanzo-el-primer-trailer-del-live-action-de-moana-asi-luce-la-nueva-version-que-promete-emocionar-a-todos","status":"publish","type":"post","link":"https:\/\/www.cordobatimes.com\/showup\/cine-y-series\/2025\/11\/17\/disney-lanzo-el-primer-trailer-del-live-action-de-moana-asi-luce-la-nueva-version-que-promete-emocionar-a-todos\/","title":{"rendered":"Disney lanz\u00f3 el primer tr\u00e1iler del live-action de Moana: as\u00ed luce la nueva versi\u00f3n que promete emocionar a todos"},"content":{"rendered":"<p style=\"text-align: left;\" data-start=\"241\" data-end=\"623\"><strong>Disney sorprendi\u00f3 al mundo con el primer tr\u00e1iler oficial del live-action de <em data-start=\"317\" data-end=\"324\">Moana<\/em>, la adaptaci\u00f3n en acci\u00f3n real de una de sus pel\u00edculas m\u00e1s amadas. El adelanto muestra a Catherine Laga\u2019aia como Moana, un oc\u00e9ano visualmente impactante y, por supuesto, el regreso de Dwayne \u201cLa Roca\u201d Johnson como el poderoso Maui. La pel\u00edcula llegar\u00e1 a los cines el 10 de julio de 2026.<\/strong><\/p>\n<h2 data-start=\"625\" data-end=\"661\"><strong>Primeras im\u00e1genes que enamoran<\/strong><\/h2>\n<p data-start=\"662\" data-end=\"928\">El tr\u00e1iler destaca desde el primer segundo por su ambientaci\u00f3n: playas, monta\u00f1as, rituales y paisajes polinesios que combinan naturaleza real con efectos especiales sutiles. Disney busca mantener la magia del original pero con un tono m\u00e1s cinematogr\u00e1fico y terrenal.<\/p>\n<h3 data-start=\"930\" data-end=\"970\"><strong>Catherine Laga\u2019aia, la nueva Moana<\/strong><\/h3>\n<p data-start=\"971\" data-end=\"1232\">La joven actriz australiana toma el rol principal y ya gener\u00f3 gran expectativa. Su conexi\u00f3n cultural con las islas del Pac\u00edfico fue clave en su elecci\u00f3n y aporta autenticidad al proyecto. Su presencia en pantalla transmite fuerza, emoci\u00f3n y esp\u00edritu aventurero.<\/p>\n<h3 data-start=\"1234\" data-end=\"1258\">\u00a0<strong>El regreso de Maui<\/strong><\/h3>\n<p data-start=\"1259\" data-end=\"1473\">Dwayne Johnson vuelve a interpretar a Maui, el semidi\u00f3s m\u00e1s carism\u00e1tico de la saga. Su voz, su actitud y su presencia hacen que el personaje se sienta fiel a la versi\u00f3n animada, pero ahora con un look m\u00e1s realista.<\/p>\n<div class=\"relative\">\n<div class=\"pointer-events-none h-px w-px absolute start-0 top-0\" aria-hidden=\"true\" data-edge=\"true\"><\/div>\n<\/div>\n<div class=\"flex flex-col text-sm thread-xl:pt-header-height keyboard-open:pb-[calc(var(--composer-height,100px)+var(--screen-keyboard-height,0))] pb-25\">\n<article class=\"text-token-text-primary w-full focus:outline-none [--shadow-height:45px] has-data-writing-block:pointer-events-none has-data-writing-block:-mt-(--shadow-height) has-data-writing-block:pt-(--shadow-height) [&amp;:has([data-writing-block])&gt;*]:pointer-events-auto scroll-mt-(--header-height)\" dir=\"auto\" tabindex=\"-1\" data-turn-id=\"f775d426-bcdf-4000-a224-7dcad5dc6b6d\" data-testid=\"conversation-turn-1\" data-scroll-anchor=\"false\" data-turn=\"user\"><div style=\"width: 696px;\" class=\"wp-video\"><video class=\"wp-video-shortcode\" id=\"video-104272-1\" width=\"696\" height=\"292\" preload=\"metadata\" controls=\"controls\"><source type=\"video\/mp4\" src=\"http:\/\/www.cordobatimes.com\/showup\/wp-content\/uploads\/2025\/11\/ssstwitter.com_1763420093792.mp4?_=1\" \/><a href=\"http:\/\/www.cordobatimes.com\/showup\/wp-content\/uploads\/2025\/11\/ssstwitter.com_1763420093792.mp4\">http:\/\/www.cordobatimes.com\/showup\/wp-content\/uploads\/2025\/11\/ssstwitter.com_1763420093792.mp4<\/a><\/video><\/div><\/p>\n<\/article>\n<article class=\"text-token-text-primary w-full focus:outline-none [--shadow-height:45px] has-data-writing-block:pointer-events-none has-data-writing-block:-mt-(--shadow-height) has-data-writing-block:pt-(--shadow-height) [&amp;:has([data-writing-block])&gt;*]:pointer-events-auto [content-visibility:auto] supports-[content-visibility:auto]:[contain-intrinsic-size:auto_100lvh] scroll-mt-[calc(var(--header-height)+min(200px,max(70px,20svh)))]\" dir=\"auto\" tabindex=\"-1\" data-turn-id=\"39b49dbc-6c0d-4770-a9c4-b91c6fbeaddf\" data-testid=\"conversation-turn-4\" data-scroll-anchor=\"false\" data-turn=\"assistant\">\n<div class=\"text-base my-auto mx-auto [--thread-content-margin:--spacing(4)] thread-sm:[--thread-content-margin:--spacing(6)] thread-lg:[--thread-content-margin:--spacing(16)] px-(--thread-content-margin)\">\n<div class=\"[--thread-content-max-width:40rem] thread-lg:[--thread-content-max-width:48rem] mx-auto max-w-(--thread-content-max-width) flex-1 group\/turn-messages focus-visible:outline-hidden relative flex w-full min-w-0 flex-col agent-turn\" tabindex=\"-1\">\n<div class=\"flex max-w-full flex-col grow\">\n<div class=\"min-h-8 text-message relative flex w-full flex-col items-end gap-2 text-start break-words whitespace-normal [.text-message+&amp;]:mt-1\" dir=\"auto\" data-message-author-role=\"assistant\" data-message-id=\"77de8578-7968-4fca-a1bb-01e0f553ca8b\" data-message-model-slug=\"gpt-5-1\">\n<div class=\"flex w-full flex-col gap-1 empty:hidden first:pt-[1px]\">\n<div class=\"markdown prose dark:prose-invert w-full break-words light markdown-new-styling\">\n<div class=\"mb-1 mt-6\" data-testid=\"nav-list-widget\">\n<div class=\"relative\">\n<div class=\"flex flex-row gap-4 py-2 mx-[-1rem] px-[1rem] no-scrollbar snap-x snap-proximity scroll-ps-4 overflow-x-scroll scroll-smooth\">\n<div class=\"thread-lg:w-61 w-50 shrink-0 snap-start\">\n<div class=\"h-full w-full bg-token-bg-primary cursor-pointer transition-all duration-200 border-token-border-default hover:border-light border rounded-xl bg-clip-padding hover:shadow-md overflow-hidden\">\n<div class=\"relative h-36 w-full overflow-hidden\"><\/div>\n<div class=\"flex flex-col gap-2 overflow-hidden px-4 text-ellipsis\">\n<div class=\"text-token-text-primary flex items-center gap-1.5 text-xs\"><\/div>\n<\/div>\n<\/div>\n<\/div>\n<\/div>\n<\/div>\n<\/div>\n<\/div>\n<\/div>\n<\/div>\n<\/div>\n<\/div>\n<\/div>\n<\/article>\n<\/div>\n","protected":false},"excerpt":{"rendered":"<p>Disney sorprendi\u00f3 al mundo con el primer tr\u00e1iler oficial del live-action de Moana, la adaptaci\u00f3n en acci\u00f3n real de una de sus pel\u00edculas m\u00e1s amadas. El adelanto muestra a Catherine Laga\u2019aia como Moana, un oc\u00e9ano visualmente impactante y, por supuesto, el regreso de Dwayne \u201cLa Roca\u201d Johnson como el poderoso Maui. La pel\u00edcula llegar\u00e1 a [&hellip;]<\/p>\n","protected":false},"author":24,"featured_media":104275,"comment_status":"closed","ping_status":"closed","sticky":false,"template":"","format":"standard","meta":{"_seopress_robots_primary_cat":"none","_seopress_titles_title":"","_seopress_titles_desc":"","_seopress_robots_index":"","footnotes":""},"categories":[3],"tags":[40353],"class_list":{"0":"post-104272","1":"post","2":"type-post","3":"status-publish","4":"format-standard","5":"has-post-thumbnail","7":"category-cine-y-series","8":"tag-moana"},"_links":{"self":[{"href":"https:\/\/www.cordobatimes.com\/showup\/wp-json\/wp\/v2\/posts\/104272","targetHints":{"allow":["GET"]}}],"collection":[{"href":"https:\/\/www.cordobatimes.com\/showup\/wp-json\/wp\/v2\/posts"}],"about":[{"href":"https:\/\/www.cordobatimes.com\/showup\/wp-json\/wp\/v2\/types\/post"}],"author":[{"embeddable":true,"href":"https:\/\/www.cordobatimes.com\/showup\/wp-json\/wp\/v2\/users\/24"}],"replies":[{"embeddable":true,"href":"https:\/\/www.cordobatimes.com\/showup\/wp-json\/wp\/v2\/comments?post=104272"}],"version-history":[{"count":0,"href":"https:\/\/www.cordobatimes.com\/showup\/wp-json\/wp\/v2\/posts\/104272\/revisions"}],"wp:featuredmedia":[{"embeddable":true,"href":"https:\/\/www.cordobatimes.com\/showup\/wp-json\/wp\/v2\/media\/104275"}],"wp:attachment":[{"href":"https:\/\/www.cordobatimes.com\/showup\/wp-json\/wp\/v2\/media?parent=104272"}],"wp:term":[{"taxonomy":"category","embeddable":true,"href":"https:\/\/www.cordobatimes.com\/showup\/wp-json\/wp\/v2\/categories?post=104272"},{"taxonomy":"post_tag","embeddable":true,"href":"https:\/\/www.cordobatimes.com\/showup\/wp-json\/wp\/v2\/tags?post=104272"}],"curies":[{"name":"wp","href":"https:\/\/api.w.org\/{rel}","templated":true}]}}