{"id":104262,"date":"2025-11-17T18:23:53","date_gmt":"2025-11-17T21:23:53","guid":{"rendered":"https:\/\/www.cordobatimes.com\/showup\/?p=104262"},"modified":"2025-11-17T18:23:54","modified_gmt":"2025-11-17T21:23:54","slug":"tom-cruise-recibe-su-primer-oscar-honorifico-tras-mas-de-40-anos-de-carrera","status":"publish","type":"post","link":"https:\/\/www.cordobatimes.com\/showup\/famosos\/2025\/11\/17\/tom-cruise-recibe-su-primer-oscar-honorifico-tras-mas-de-40-anos-de-carrera\/","title":{"rendered":"Tom Cruise recibe su primer Oscar honor\u00edfico tras m\u00e1s de 40 a\u00f1os de carrera"},"content":{"rendered":"<p data-start=\"212\" data-end=\"467\"><strong data-start=\"212\" data-end=\"467\">El actor fue reconocido por la Academia de Hollywood con el prestigioso Oscar honor\u00edfico durante los Governors Awards 2025, destacando su enorme aporte al cine, su compromiso con la experiencia en salas y su influencia en generaciones de espectadores.<\/strong><\/p>\n<p data-start=\"474\" data-end=\"804\">Tom Cruise finalmente tuvo su gran noche en los <strong data-start=\"522\" data-end=\"547\">Governors Awards 2025<\/strong>, donde recibi\u00f3 el <strong data-start=\"566\" data-end=\"586\">Oscar honor\u00edfico<\/strong>, el primer galard\u00f3n de la Academia de Hollywood en toda su carrera. La distinci\u00f3n celebra sus m\u00e1s de cuatro d\u00e9cadas de trayectoria, su impacto en la industria y su dedicaci\u00f3n absoluta a la experiencia cinematogr\u00e1fica.<\/p>\n<p data-start=\"806\" data-end=\"1120\">La presidenta de la Academia, <strong data-start=\"836\" data-end=\"850\">Janet Yang<\/strong>, destac\u00f3 que Cruise ha sido \u201cuna inspiraci\u00f3n para toda la comunidad del cine\u201d, subrayando su compromiso con las producciones que apuestan por las salas y su estrecha relaci\u00f3n con la comunidad de especialistas y dobles de riesgo, a quienes siempre defendi\u00f3 p\u00fablicamente.<\/p>\n<p data-start=\"1122\" data-end=\"1500\">A lo largo de su carrera, Cruise acumul\u00f3 <strong data-start=\"1163\" data-end=\"1186\">cuatro nominaciones<\/strong>: dos como Mejor Actor (<em data-start=\"1210\" data-end=\"1238\">Born on the Fourth of July<\/em>, <em data-start=\"1240\" data-end=\"1255\">Jerry Maguire<\/em>), una como Actor de Reparto (<em data-start=\"1285\" data-end=\"1295\">Magnolia<\/em>) y una como productor por <em data-start=\"1322\" data-end=\"1341\">Top Gun: Maverick<\/em>. Sin embargo, nunca hab\u00eda recibido una estatuilla competitiva. Este homenaje llega como una reivindicaci\u00f3n a su rol clave en la historia moderna de Hollywood.<\/p>\n<p data-start=\"1502\" data-end=\"1843\">Durante su discurso, visiblemente emocionado, el actor asegur\u00f3 que \u201c<strong data-start=\"1570\" data-end=\"1616\">hacer cine no es lo que hago, es quien soy<\/strong>\u201d, y record\u00f3 c\u00f3mo, de ni\u00f1o, sentarse en una sala lo hac\u00eda viajar a otros mundos. Tambi\u00e9n habl\u00f3 del poder de uni\u00f3n que tiene el cine: \u201cEn la oscuridad de una sala, sin importar de d\u00f3nde vengamos, re\u00edmos juntos, sentimos juntos\u201d.<\/p>\n<p data-start=\"1845\" data-end=\"2033\">En la misma ceremonia tambi\u00e9n fueron distinguidos <strong data-start=\"1895\" data-end=\"1911\">Debbie Allen<\/strong> y <strong data-start=\"1914\" data-end=\"1929\">Wynn Thomas<\/strong> con premios honor\u00edficos, mientras que <strong data-start=\"1968\" data-end=\"1984\">Dolly Parton<\/strong> recibi\u00f3 el <strong data-start=\"1996\" data-end=\"2032\">Jean Hersholt Humanitarian A<\/strong><strong data-start=\"1996\" data-end=\"2032\">ward<\/strong>.<\/p>\n<div style=\"width: 360px;\" class=\"wp-video\"><video class=\"wp-video-shortcode\" id=\"video-104262-1\" width=\"360\" height=\"640\" preload=\"metadata\" controls=\"controls\"><source type=\"video\/mp4\" src=\"http:\/\/www.cordobatimes.com\/showup\/wp-content\/uploads\/2025\/11\/videoplayback.mp4?_=1\" \/><a href=\"http:\/\/www.cordobatimes.com\/showup\/wp-content\/uploads\/2025\/11\/videoplayback.mp4\">http:\/\/www.cordobatimes.com\/showup\/wp-content\/uploads\/2025\/11\/videoplayback.mp4<\/a><\/video><\/div>\n<p data-start=\"1845\" data-end=\"2033\">\n","protected":false},"excerpt":{"rendered":"<p>El actor fue reconocido por la Academia de Hollywood con el prestigioso Oscar honor\u00edfico durante los Governors Awards 2025, destacando su enorme aporte al cine, su compromiso con la experiencia en salas y su influencia en generaciones de espectadores. Tom Cruise finalmente tuvo su gran noche en los Governors Awards 2025, donde recibi\u00f3 el Oscar [&hellip;]<\/p>\n","protected":false},"author":24,"featured_media":104250,"comment_status":"closed","ping_status":"closed","sticky":false,"template":"","format":"standard","meta":{"_seopress_robots_primary_cat":"none","_seopress_titles_title":"","_seopress_titles_desc":"","_seopress_robots_index":"","footnotes":""},"categories":[4],"tags":[573,40349,40348],"class_list":{"0":"post-104262","1":"post","2":"type-post","3":"status-publish","4":"format-standard","5":"has-post-thumbnail","7":"category-famosos","8":"tag-tom-cruise","9":"tag-tom-cruise-oscar-honorifico","10":"tag-tom-cruise-recibe-su-primer-oscar-honorifico"},"_links":{"self":[{"href":"https:\/\/www.cordobatimes.com\/showup\/wp-json\/wp\/v2\/posts\/104262","targetHints":{"allow":["GET"]}}],"collection":[{"href":"https:\/\/www.cordobatimes.com\/showup\/wp-json\/wp\/v2\/posts"}],"about":[{"href":"https:\/\/www.cordobatimes.com\/showup\/wp-json\/wp\/v2\/types\/post"}],"author":[{"embeddable":true,"href":"https:\/\/www.cordobatimes.com\/showup\/wp-json\/wp\/v2\/users\/24"}],"replies":[{"embeddable":true,"href":"https:\/\/www.cordobatimes.com\/showup\/wp-json\/wp\/v2\/comments?post=104262"}],"version-history":[{"count":0,"href":"https:\/\/www.cordobatimes.com\/showup\/wp-json\/wp\/v2\/posts\/104262\/revisions"}],"wp:featuredmedia":[{"embeddable":true,"href":"https:\/\/www.cordobatimes.com\/showup\/wp-json\/wp\/v2\/media\/104250"}],"wp:attachment":[{"href":"https:\/\/www.cordobatimes.com\/showup\/wp-json\/wp\/v2\/media?parent=104262"}],"wp:term":[{"taxonomy":"category","embeddable":true,"href":"https:\/\/www.cordobatimes.com\/showup\/wp-json\/wp\/v2\/categories?post=104262"},{"taxonomy":"post_tag","embeddable":true,"href":"https:\/\/www.cordobatimes.com\/showup\/wp-json\/wp\/v2\/tags?post=104262"}],"curies":[{"name":"wp","href":"https:\/\/api.w.org\/{rel}","templated":true}]}}