{"id":104251,"date":"2025-11-17T11:01:36","date_gmt":"2025-11-17T14:01:36","guid":{"rendered":"https:\/\/www.cordobatimes.com\/showup\/?p=104251"},"modified":"2025-11-17T11:01:36","modified_gmt":"2025-11-17T14:01:36","slug":"confesiones-de-la-china-secretos-pasiones-y-un-beso-que-cambio-todo","status":"publish","type":"post","link":"https:\/\/www.cordobatimes.com\/showup\/famosos\/2025\/11\/17\/confesiones-de-la-china-secretos-pasiones-y-un-beso-que-cambio-todo\/","title":{"rendered":"Confesiones de la China: secretos, pasiones y un beso que cambi\u00f3 todo"},"content":{"rendered":"<p data-start=\"299\" data-end=\"582\"><strong>En una charla \u00edntima, sincera y cargada de emociones, la China Su\u00e1rez abri\u00f3 su coraz\u00f3n y dej\u00f3 frases que van a dar que hablar. Entre amores, heridas del pasado y v\u00ednculos que la marcaron para siempre, la actriz repas\u00f3 historias que pocas veces hab\u00eda contado con tanta honestidad<\/strong>.<\/p>\n<p data-start=\"584\" data-end=\"938\">\u201c<strong data-start=\"585\" data-end=\"691\">A m\u00ed me pas\u00f3 con Mauro que me dio una seguridad que, si yo no la hubiese tenido, no me hubiese mandado<\/strong>\u201d, confes\u00f3, recordando el v\u00ednculo que la atraves\u00f3 por completo. Incluso revel\u00f3 lo que sent\u00eda puertas adentro: \u201c<strong data-start=\"802\" data-end=\"936\">Yo lo miraba a \u00e9l a veces y lloraba, y \u00e9l me dec\u00eda \u2018\u00bfpero qu\u00e9 te pasa?\u2019 y yo le dec\u00eda: \u2018no puedo creer las cosas que haces por m\u00ed\u2019<\/strong>\u201d.<\/p>\n<p data-start=\"940\" data-end=\"1094\">La China tambi\u00e9n se refiri\u00f3 a los tres a\u00f1os en los que no hubo di\u00e1logo:<\/p>\n<p data-start=\"940\" data-end=\"1094\"><strong data-start=\"1015\" data-end=\"1092\">En esos tres a\u00f1os que no hablamos, yo lo odiaba. Para m\u00ed era mala palabra<\/strong>\u201d.<\/p>\n<p data-start=\"1096\" data-end=\"1317\">Sobre aquellos primeros intercambios con Mauro, sorprendi\u00f3 al admitir que la separaci\u00f3n de \u00e9l ya exist\u00eda aunque no fuera p\u00fablica:<br data-start=\"1225\" data-end=\"1228\" \/>\u201c<strong data-start=\"1229\" data-end=\"1315\">Cuando nosotros nos chate\u00e1bamos \u00e9l estaba separado, lo que pasa es que no se sab\u00eda<\/strong>\u201d.<\/p>\n<p data-start=\"1319\" data-end=\"1446\">Con humor pero tambi\u00e9n con sinceridad, dej\u00f3 una frase que ya es titular:<br data-start=\"1391\" data-end=\"1394\" \/>\u201c<strong data-start=\"1395\" data-end=\"1444\">Yo soy moncha y voy a ser moncha toda la vida<\/strong>\u201d.<\/p>\n<p data-start=\"1448\" data-end=\"1591\">La historia familiar tampoco qued\u00f3 afuera:<br data-start=\"1490\" data-end=\"1493\" \/>\u201c<strong data-start=\"1494\" data-end=\"1589\">Mi mam\u00e1 me dec\u00eda: \u2018cualquiera menos Icardi\u2019. Tard\u00f3 meses en conocerlo, no lo quer\u00eda conocer<\/strong>\u201d.<\/p>\n<p data-start=\"1593\" data-end=\"1783\">Y al hablar de sus relaciones previas, se mostr\u00f3 vulnerable:<br data-start=\"1653\" data-end=\"1656\" \/>\u201c<strong data-start=\"1657\" data-end=\"1781\">Yo estaba con parejas que me dec\u00edan \u2018calladita te ves m\u00e1s bonita\u2019, pero a m\u00ed el conflicto no me gusta, me duele la panza<\/strong>\u201d.<\/p>\n<div style=\"width: 644px;\" class=\"wp-video\"><video class=\"wp-video-shortcode\" id=\"video-104251-1\" width=\"644\" height=\"360\" preload=\"metadata\" controls=\"controls\"><source type=\"video\/mp4\" src=\"http:\/\/www.cordobatimes.com\/showup\/wp-content\/uploads\/2025\/11\/ssstwitter.com_1763384740766.mp4?_=1\" \/><a href=\"http:\/\/www.cordobatimes.com\/showup\/wp-content\/uploads\/2025\/11\/ssstwitter.com_1763384740766.mp4\">http:\/\/www.cordobatimes.com\/showup\/wp-content\/uploads\/2025\/11\/ssstwitter.com_1763384740766.mp4<\/a><\/video><\/div>\n","protected":false},"excerpt":{"rendered":"<p>En una charla \u00edntima, sincera y cargada de emociones, la China Su\u00e1rez abri\u00f3 su coraz\u00f3n y dej\u00f3 frases que van a dar que hablar. Entre amores, heridas del pasado y v\u00ednculos que la marcaron para siempre, la actriz repas\u00f3 historias que pocas veces hab\u00eda contado con tanta honestidad. \u201cA m\u00ed me pas\u00f3 con Mauro que [&hellip;]<\/p>\n","protected":false},"author":24,"featured_media":104254,"comment_status":"closed","ping_status":"closed","sticky":false,"template":"","format":"standard","meta":{"_seopress_robots_primary_cat":"none","_seopress_titles_title":"","_seopress_titles_desc":"","_seopress_robots_index":"","footnotes":""},"categories":[4],"tags":[40344,40345,40346,40347],"class_list":{"0":"post-104251","1":"post","2":"type-post","3":"status-publish","4":"format-standard","5":"has-post-thumbnail","7":"category-famosos","8":"tag-china-suarez-con-moria","9":"tag-china-suarez-esa-boquita","10":"tag-la-china-con-moria","11":"tag-nota-de-la-china-con-moria"},"_links":{"self":[{"href":"https:\/\/www.cordobatimes.com\/showup\/wp-json\/wp\/v2\/posts\/104251","targetHints":{"allow":["GET"]}}],"collection":[{"href":"https:\/\/www.cordobatimes.com\/showup\/wp-json\/wp\/v2\/posts"}],"about":[{"href":"https:\/\/www.cordobatimes.com\/showup\/wp-json\/wp\/v2\/types\/post"}],"author":[{"embeddable":true,"href":"https:\/\/www.cordobatimes.com\/showup\/wp-json\/wp\/v2\/users\/24"}],"replies":[{"embeddable":true,"href":"https:\/\/www.cordobatimes.com\/showup\/wp-json\/wp\/v2\/comments?post=104251"}],"version-history":[{"count":0,"href":"https:\/\/www.cordobatimes.com\/showup\/wp-json\/wp\/v2\/posts\/104251\/revisions"}],"wp:featuredmedia":[{"embeddable":true,"href":"https:\/\/www.cordobatimes.com\/showup\/wp-json\/wp\/v2\/media\/104254"}],"wp:attachment":[{"href":"https:\/\/www.cordobatimes.com\/showup\/wp-json\/wp\/v2\/media?parent=104251"}],"wp:term":[{"taxonomy":"category","embeddable":true,"href":"https:\/\/www.cordobatimes.com\/showup\/wp-json\/wp\/v2\/categories?post=104251"},{"taxonomy":"post_tag","embeddable":true,"href":"https:\/\/www.cordobatimes.com\/showup\/wp-json\/wp\/v2\/tags?post=104251"}],"curies":[{"name":"wp","href":"https:\/\/api.w.org\/{rel}","templated":true}]}}