{"id":104215,"date":"2025-11-16T17:38:44","date_gmt":"2025-11-16T20:38:44","guid":{"rendered":"https:\/\/www.cordobatimes.com\/showup\/?p=104215"},"modified":"2025-11-16T17:38:45","modified_gmt":"2025-11-16T20:38:45","slug":"desvestida-la-moda-paso-de-moda-ya-esta-disponible-en-disney","status":"publish","type":"post","link":"https:\/\/www.cordobatimes.com\/showup\/cine-y-series\/2025\/11\/16\/desvestida-la-moda-paso-de-moda-ya-esta-disponible-en-disney\/","title":{"rendered":"Desvestida: la moda pas\u00f3 de moda ya est\u00e1 disponible en Disney+"},"content":{"rendered":"<h3><strong>Mariana Fabbiani debuta en Disney+ con <em data-start=\"325\" data-end=\"359\">Desvestida: la moda pas\u00f3 de moda<\/em>, un documental que explora la moda m\u00e1s all\u00e1 de las pasarelas y c\u00f3mo influye en nuestra vida cotidiana. Desde su estreno el 12 de noviembre de 2025, los espectadores pueden disfrutar de los primeros episodios de esta serie que combina viajes, entrevistas y an\u00e1lisis.<\/strong><\/h3>\n<p data-start=\"635\" data-end=\"1030\">En <strong data-start=\"638\" data-end=\"657\">siete episodios<\/strong>, Fabbiani recorre <strong data-start=\"676\" data-end=\"737\">Buenos Aires, Ciudad de M\u00e9xico, Nueva York, Par\u00eds y Mil\u00e1n<\/strong>, dialogando con dise\u00f1adores, modelos, fot\u00f3grafos y editores de revistas de moda. Entre sus invitados se destacan <strong data-start=\"851\" data-end=\"869\">Patricia Field<\/strong>, creadora del estilo de <em data-start=\"894\" data-end=\"912\">Sex and the City<\/em>, y <strong data-start=\"916\" data-end=\"930\">Coco Rocha<\/strong>, reconocida modelo internacional, quienes comparten su mirada sobre la evoluci\u00f3n de la industria.<\/p>\n<p data-start=\"1032\" data-end=\"1294\">El documental aborda temas actuales y profundos, como la <strong data-start=\"1089\" data-end=\"1170\">diversidad corporal, la representaci\u00f3n de g\u00e9nero, la edad y la sostenibilidad<\/strong>, invitando al espectador a reflexionar sobre c\u00f3mo la moda afecta la identidad, la autoestima y las decisiones de consumo.<\/p>\n<p data-start=\"1296\" data-end=\"1561\">\u201c<em data-start=\"1297\" data-end=\"1408\">Quise hacer algo m\u00e1s que mostrar ropa y pasarelas, quer\u00eda explorar qu\u00e9 nos pasa con la moda en nuestras vidas<\/em>\u201d, comenta Fabbiani, destacando que la serie ofrece un recorrido personal y cultural por un mundo que muchas veces se percibe solo desde la superficie.<\/p>\n<p data-start=\"1563\" data-end=\"1754\">Con una mirada cr\u00edtica pero entretenida, esta propuesta combina estilo, conciencia social y curiosidad, ideal para quienes quieren mirar la moda desde una perspectiva diferente y reflexiva.<\/p>\n<p><iframe loading=\"lazy\" title=\"YouTube video player\" src=\"https:\/\/www.youtube.com\/embed\/9ULXAdEe_So?si=4IaA3BTJRG3jyKge\" width=\"560\" height=\"315\" frameborder=\"0\" allowfullscreen=\"allowfullscreen\"><\/iframe><\/p>\n","protected":false},"excerpt":{"rendered":"<p>Mariana Fabbiani debuta en Disney+ con Desvestida: la moda pas\u00f3 de moda, un documental que explora la moda m\u00e1s all\u00e1 de las pasarelas y c\u00f3mo influye en nuestra vida cotidiana. Desde su estreno el 12 de noviembre de 2025, los espectadores pueden disfrutar de los primeros episodios de esta serie que combina viajes, entrevistas y [&hellip;]<\/p>\n","protected":false},"author":24,"featured_media":104218,"comment_status":"closed","ping_status":"closed","sticky":false,"template":"","format":"standard","meta":{"_seopress_robots_primary_cat":"none","_seopress_titles_title":"","_seopress_titles_desc":"","_seopress_robots_index":"","footnotes":""},"categories":[3],"tags":[40335,40336,40337],"class_list":{"0":"post-104215","1":"post","2":"type-post","3":"status-publish","4":"format-standard","5":"has-post-thumbnail","7":"category-cine-y-series","8":"tag-desvestida-la-moda-paso-de-moda","9":"tag-documental-desvestida-la-moda-paso-de-moda","10":"tag-mariana-fabbiani-debuta-en-disney-con-desvestida-la-moda-paso-de-moda"},"_links":{"self":[{"href":"https:\/\/www.cordobatimes.com\/showup\/wp-json\/wp\/v2\/posts\/104215","targetHints":{"allow":["GET"]}}],"collection":[{"href":"https:\/\/www.cordobatimes.com\/showup\/wp-json\/wp\/v2\/posts"}],"about":[{"href":"https:\/\/www.cordobatimes.com\/showup\/wp-json\/wp\/v2\/types\/post"}],"author":[{"embeddable":true,"href":"https:\/\/www.cordobatimes.com\/showup\/wp-json\/wp\/v2\/users\/24"}],"replies":[{"embeddable":true,"href":"https:\/\/www.cordobatimes.com\/showup\/wp-json\/wp\/v2\/comments?post=104215"}],"version-history":[{"count":0,"href":"https:\/\/www.cordobatimes.com\/showup\/wp-json\/wp\/v2\/posts\/104215\/revisions"}],"wp:featuredmedia":[{"embeddable":true,"href":"https:\/\/www.cordobatimes.com\/showup\/wp-json\/wp\/v2\/media\/104218"}],"wp:attachment":[{"href":"https:\/\/www.cordobatimes.com\/showup\/wp-json\/wp\/v2\/media?parent=104215"}],"wp:term":[{"taxonomy":"category","embeddable":true,"href":"https:\/\/www.cordobatimes.com\/showup\/wp-json\/wp\/v2\/categories?post=104215"},{"taxonomy":"post_tag","embeddable":true,"href":"https:\/\/www.cordobatimes.com\/showup\/wp-json\/wp\/v2\/tags?post=104215"}],"curies":[{"name":"wp","href":"https:\/\/api.w.org\/{rel}","templated":true}]}}