{"id":104193,"date":"2025-11-16T09:55:27","date_gmt":"2025-11-16T12:55:27","guid":{"rendered":"https:\/\/www.cordobatimes.com\/showup\/?p=104193"},"modified":"2025-11-16T09:55:27","modified_gmt":"2025-11-16T12:55:27","slug":"fabiola-yanez-en-la-mesa-de-mirtha-confesiones-tensiones-y-un-cruce-explosivo-por-la-fiesta-de-olivos","status":"publish","type":"post","link":"https:\/\/www.cordobatimes.com\/showup\/tv\/2025\/11\/16\/fabiola-yanez-en-la-mesa-de-mirtha-confesiones-tensiones-y-un-cruce-explosivo-por-la-fiesta-de-olivos\/","title":{"rendered":"Fabiola Y\u00e1\u00f1ez en la mesa de Mirtha: confesiones, tensiones y un cruce explosivo por la fiesta de Olivos"},"content":{"rendered":"<h3 data-start=\"356\" data-end=\"720\"><strong>La visita de Fabiola Y\u00e1\u00f1ez a La noche de Mirtha Legrand dej\u00f3 una de las entrevistas m\u00e1s fuertes del a\u00f1o. La ex primera dama habl\u00f3 sobre su v\u00ednculo con Alberto Fern\u00e1ndez, denunci\u00f3 episodios de violencia, afirm\u00f3 que el expresidente busca quitarle la tenencia de su hijo y protagoniz\u00f3 un tenso intercambio con Mirtha por la fiesta de Olivos en plena pandemia.<\/strong><\/h3>\n<h3 data-start=\"722\" data-end=\"785\"><strong>\u201cLa intenci\u00f3n de Alberto es quitarme la tenencia de mi hijo\u201d<\/strong><\/h3>\n<p data-start=\"786\" data-end=\"910\">En un tramo cargado de emoci\u00f3n, Y\u00e1\u00f1ez asegur\u00f3:<br data-start=\"832\" data-end=\"835\" \/><strong data-start=\"835\" data-end=\"910\">\u201cLa intenci\u00f3n de Alberto Fern\u00e1ndez es quitarme la tenencia de mi hijo.\u201d<\/strong><\/p>\n<p data-start=\"912\" data-end=\"1064\">Tambi\u00e9n se refiri\u00f3 a la crianza de Francisco en plena vida institucional:<br data-start=\"985\" data-end=\"988\" \/><strong data-start=\"988\" data-end=\"1064\">\u201cFrancisco nunca tuvo un hogar. Francisco naci\u00f3 en la Quinta de Olivos.\u201d<\/strong><\/p>\n<h3 data-start=\"1066\" data-end=\"1120\"><strong>Confirma violencia f\u00edsica: \u201cEse ojo morado existi\u00f3\u201d<\/strong><\/h3>\n<p data-start=\"1121\" data-end=\"1205\">Ante la pregunta directa de Mirtha, la ex primera dama no dud\u00f3:<br data-start=\"1184\" data-end=\"1187\" \/><strong data-start=\"1187\" data-end=\"1205\">\u201cS\u00ed, existi\u00f3.\u201d<\/strong><\/p>\n<p data-start=\"1207\" data-end=\"1336\">Luego describi\u00f3 el episodio:<br data-start=\"1235\" data-end=\"1238\" \/><strong data-start=\"1238\" data-end=\"1336\">\u201cMe doli\u00f3 tanto que le dije \u2018\u00bfqu\u00e9 me hiciste?\u2019. \u00c9l estaba ah\u00ed como si no hubiese pasado nada.\u201d<\/strong><\/p>\n<p data-start=\"1338\" data-end=\"1511\">Sobre la manipulaci\u00f3n y el desgaste emocional, agreg\u00f3:<br data-start=\"1392\" data-end=\"1395\" \/><strong data-start=\"1395\" data-end=\"1511\">\u201cA cualquier mujer sometida a cierta manipulaci\u00f3n, a ciertas humillaciones\u2026 todas tienen un tiempo y una forma.\u201d<\/strong><\/p>\n<h3 data-start=\"1513\" data-end=\"1570\"><strong>El momento m\u00e1s tenso: el cruce por la fiesta de Olivos<\/strong><\/h3>\n<p data-start=\"1572\" data-end=\"1697\">La parte m\u00e1s explosiva de la noche lleg\u00f3 cuando Mirtha toc\u00f3 el tema de la fiesta de cumplea\u00f1os en Olivos durante la pandemia.<\/p>\n<p data-start=\"1699\" data-end=\"1793\">Mirtha pregunt\u00f3 sin suavizar:<br data-start=\"1728\" data-end=\"1731\" \/><strong data-start=\"1731\" data-end=\"1793\">\u201cLa fiesta de Olivos en la pandemia, \u00bfla organizaste vos?\u201d<\/strong><\/p>\n<p data-start=\"1795\" data-end=\"1846\">Fabiola respondi\u00f3 firme:<br data-start=\"1819\" data-end=\"1822\" \/><strong data-start=\"1822\" data-end=\"1846\">\u201cNo, yo no lo hice.\u201d<\/strong><\/p>\n<p data-start=\"1848\" data-end=\"1978\">Mirtha, visiblemente afectada por su propia historia personal, remarc\u00f3:<br data-start=\"1919\" data-end=\"1922\" \/><strong data-start=\"1922\" data-end=\"1978\">\u201cMi hermana Goldie falleci\u00f3 y vi su funeral por TV.\u201d<\/strong><\/p>\n<p data-start=\"1980\" data-end=\"2088\">Frente a ese recordatorio, Y\u00e1\u00f1ez respondi\u00f3:<br data-start=\"2023\" data-end=\"2026\" \/><strong data-start=\"2026\" data-end=\"2088\">\u201cNo voy a cansarme de pedir disculpas, no fue un brindis.\u201d<\/strong><\/p>\n<p data-start=\"2090\" data-end=\"2187\">Pero Mirtha volvi\u00f3 a cargar con fuerza:<br data-start=\"2129\" data-end=\"2132\" \/><strong data-start=\"2132\" data-end=\"2187\">\u201cPero yo te vi en la foto con una copa en la mano.\u201d<\/strong><\/p>\n<p data-start=\"2189\" data-end=\"2292\">El intercambi\u00f3 dej\u00f3 un silencio inc\u00f3modo en la mesa y marc\u00f3 uno de los momentos m\u00e1s tensos de la noche.<\/p>\n<h3 data-start=\"2294\" data-end=\"2308\"><strong>Su presente<\/strong><\/h3>\n<p data-start=\"2309\" data-end=\"2402\">Y\u00e1\u00f1ez tambi\u00e9n dej\u00f3 clara su independencia econ\u00f3mica:<br data-start=\"2361\" data-end=\"2364\" \/><strong data-start=\"2364\" data-end=\"2402\">\u201cYo no necesito que me mantengan.\u201d<\/strong><\/p>\n<div style=\"width: 696px;\" class=\"wp-video\"><video class=\"wp-video-shortcode\" id=\"video-104193-1\" width=\"696\" height=\"392\" preload=\"metadata\" controls=\"controls\"><source type=\"video\/mp4\" src=\"http:\/\/www.cordobatimes.com\/showup\/wp-content\/uploads\/2025\/11\/ssstwitter.com_1763297611799.mp4?_=1\" \/><a href=\"http:\/\/www.cordobatimes.com\/showup\/wp-content\/uploads\/2025\/11\/ssstwitter.com_1763297611799.mp4\">http:\/\/www.cordobatimes.com\/showup\/wp-content\/uploads\/2025\/11\/ssstwitter.com_1763297611799.mp4<\/a><\/video><\/div>\n","protected":false},"excerpt":{"rendered":"<p>La visita de Fabiola Y\u00e1\u00f1ez a La noche de Mirtha Legrand dej\u00f3 una de las entrevistas m\u00e1s fuertes del a\u00f1o. La ex primera dama habl\u00f3 sobre su v\u00ednculo con Alberto Fern\u00e1ndez, denunci\u00f3 episodios de violencia, afirm\u00f3 que el expresidente busca quitarle la tenencia de su hijo y protagoniz\u00f3 un tenso intercambio con Mirtha por la [&hellip;]<\/p>\n","protected":false},"author":24,"featured_media":104196,"comment_status":"closed","ping_status":"closed","sticky":false,"template":"","format":"standard","meta":{"_seopress_robots_primary_cat":"none","_seopress_titles_title":"","_seopress_titles_desc":"","_seopress_robots_index":"","footnotes":""},"categories":[2],"tags":[40327,40325,40326],"class_list":{"0":"post-104193","1":"post","2":"type-post","3":"status-publish","4":"format-standard","5":"has-post-thumbnail","7":"category-tv","8":"tag-cruce-por-la-fiesta-de-olivos","9":"tag-fabiola-yanez-a-la-noche-de-mirtha-legrand","10":"tag-fabiola-yanez-mirtha-legrand"},"_links":{"self":[{"href":"https:\/\/www.cordobatimes.com\/showup\/wp-json\/wp\/v2\/posts\/104193","targetHints":{"allow":["GET"]}}],"collection":[{"href":"https:\/\/www.cordobatimes.com\/showup\/wp-json\/wp\/v2\/posts"}],"about":[{"href":"https:\/\/www.cordobatimes.com\/showup\/wp-json\/wp\/v2\/types\/post"}],"author":[{"embeddable":true,"href":"https:\/\/www.cordobatimes.com\/showup\/wp-json\/wp\/v2\/users\/24"}],"replies":[{"embeddable":true,"href":"https:\/\/www.cordobatimes.com\/showup\/wp-json\/wp\/v2\/comments?post=104193"}],"version-history":[{"count":0,"href":"https:\/\/www.cordobatimes.com\/showup\/wp-json\/wp\/v2\/posts\/104193\/revisions"}],"wp:featuredmedia":[{"embeddable":true,"href":"https:\/\/www.cordobatimes.com\/showup\/wp-json\/wp\/v2\/media\/104196"}],"wp:attachment":[{"href":"https:\/\/www.cordobatimes.com\/showup\/wp-json\/wp\/v2\/media?parent=104193"}],"wp:term":[{"taxonomy":"category","embeddable":true,"href":"https:\/\/www.cordobatimes.com\/showup\/wp-json\/wp\/v2\/categories?post=104193"},{"taxonomy":"post_tag","embeddable":true,"href":"https:\/\/www.cordobatimes.com\/showup\/wp-json\/wp\/v2\/tags?post=104193"}],"curies":[{"name":"wp","href":"https:\/\/api.w.org\/{rel}","templated":true}]}}